{"id":38153,"date":"2025-10-09T13:37:11","date_gmt":"2025-10-09T13:37:11","guid":{"rendered":"https:\/\/cnctulua.tv\/?p=38153"},"modified":"2025-10-09T13:37:11","modified_gmt":"2025-10-09T13:37:11","slug":"entregado-el-parque-biotematico-del-dulce-en-la-paila-nuevo-atractivo-turistico-del-valle-del-cauca","status":"publish","type":"post","link":"https:\/\/cnctulua.tv\/?p=38153","title":{"rendered":"Entregado el Parque Biotem\u00e1tico del Dulce en La Paila: nuevo atractivo tur\u00edstico del Valle del Cauca."},"content":{"rendered":"\n<p>El Gobierno del Valle del Cauca entreg\u00f3 el Parque Biotem\u00e1tico del Dulce, una obra que beneficia a m\u00e1s de 42.000 habitantes del corregimiento de La Paila, fortalece la econom\u00eda local y promueve el turismo sostenible en la regi\u00f3n.<\/p>\n\n\n\n<figure class=\"wp-block-embed is-type-video is-provider-youtube wp-block-embed-youtube wp-embed-aspect-16-9 wp-has-aspect-ratio\"><div class=\"wp-block-embed__wrapper\">\n<iframe loading=\"lazy\" title=\"\ud83c\udf3f \u00a1El sabor y la cultura del Valle se viven en La Paila!\" width=\"640\" height=\"360\" src=\"https:\/\/www.youtube.com\/embed\/yzNzBgeknaY?feature=oembed\" frameborder=\"0\" allow=\"accelerometer; autoplay; clipboard-write; encrypted-media; gyroscope; picture-in-picture; web-share\" referrerpolicy=\"strict-origin-when-cross-origin\" allowfullscreen><\/iframe>\n<\/div><\/figure>\n\n\n\n<p>La gobernadora Dilian Francisca Toro resalt\u00f3 que este espacio simboliza el esfuerzo de la comunidad y el compromiso de la administraci\u00f3n con el bienestar de los vallecaucanos.<\/p>\n\n\n\n<figure class=\"wp-block-image size-large\"><img loading=\"lazy\" decoding=\"async\" width=\"1024\" height=\"682\" src=\"https:\/\/cnctulua.tv\/wp-content\/uploads\/2025\/10\/apoyos-PARQUE-BIOTEMATICO-DEL-DULCE-3-1024x682.jpeg\" alt=\"\" class=\"wp-image-38171\" srcset=\"https:\/\/cnctulua.tv\/wp-content\/uploads\/2025\/10\/apoyos-PARQUE-BIOTEMATICO-DEL-DULCE-3-1024x682.jpeg 1024w, https:\/\/cnctulua.tv\/wp-content\/uploads\/2025\/10\/apoyos-PARQUE-BIOTEMATICO-DEL-DULCE-3-300x200.jpeg 300w, https:\/\/cnctulua.tv\/wp-content\/uploads\/2025\/10\/apoyos-PARQUE-BIOTEMATICO-DEL-DULCE-3-768x512.jpeg 768w, https:\/\/cnctulua.tv\/wp-content\/uploads\/2025\/10\/apoyos-PARQUE-BIOTEMATICO-DEL-DULCE-3.jpeg 1280w\" sizes=\"auto, (max-width: 1024px) 100vw, 1024px\" \/><\/figure>\n\n\n\n<p>\u201cLa Paila es un corregimiento grande, de gente trabajadora y luchadora. Este parque era necesario y merecido. Les pido que lo cuiden, porque es para ustedes\u201d, expres\u00f3 la mandataria.<\/p>\n\n\n\n<p>El proyecto, que hace parte del programa \u2018Parques para la Gente\u2019, rinde homenaje a la tradici\u00f3n ca\u00f1era y al trapiche, \u00edconos de la identidad vallecaucana.<\/p>\n\n\n\n<p>La intervenci\u00f3n abarc\u00f3 16.387 metros cuadrados de espacio p\u00fablico e incluye 42 casetas comerciales, un sendero gastron\u00f3mico con 28 puntos equipados, senderos saludables y zonas para la recreaci\u00f3n y el deporte.<\/p>\n\n\n\n<p>Con esta obra, desarrollada bajo principios de sostenibilidad ambiental, el Valle del Cauca suma un nuevo espacio para el turismo, el encuentro ciudadano y el desarrollo econ\u00f3mico local.<\/p>\n","protected":false},"excerpt":{"rendered":"<p>El Gobierno del Valle del Cauca entreg\u00f3 el Parque Biotem\u00e1tico del Dulce, una obra que beneficia a m\u00e1s de 42.000 habitantes del corregimiento de La Paila, fortalece la econom\u00eda local y promueve el turismo sostenible en la regi\u00f3n. La gobernadora Dilian Francisca Toro resalt\u00f3 que este espacio simboliza el esfuerzo de la comunidad y el [&hellip;]<\/p>\n","protected":false},"author":3,"featured_media":38170,"comment_status":"open","ping_status":"open","sticky":false,"template":"","format":"video","meta":{"footnotes":""},"categories":[10,1515],"tags":[],"class_list":["post-38153","post","type-post","status-publish","format-video","has-post-thumbnail","hentry","category-cnc-noticias-tulua","category-cnc-tulua","post_format-post-format-video"],"_links":{"self":[{"href":"https:\/\/cnctulua.tv\/index.php?rest_route=\/wp\/v2\/posts\/38153","targetHints":{"allow":["GET"]}}],"collection":[{"href":"https:\/\/cnctulua.tv\/index.php?rest_route=\/wp\/v2\/posts"}],"about":[{"href":"https:\/\/cnctulua.tv\/index.php?rest_route=\/wp\/v2\/types\/post"}],"author":[{"embeddable":true,"href":"https:\/\/cnctulua.tv\/index.php?rest_route=\/wp\/v2\/users\/3"}],"replies":[{"embeddable":true,"href":"https:\/\/cnctulua.tv\/index.php?rest_route=%2Fwp%2Fv2%2Fcomments&post=38153"}],"version-history":[{"count":1,"href":"https:\/\/cnctulua.tv\/index.php?rest_route=\/wp\/v2\/posts\/38153\/revisions"}],"predecessor-version":[{"id":38172,"href":"https:\/\/cnctulua.tv\/index.php?rest_route=\/wp\/v2\/posts\/38153\/revisions\/38172"}],"wp:featuredmedia":[{"embeddable":true,"href":"https:\/\/cnctulua.tv\/index.php?rest_route=\/wp\/v2\/media\/38170"}],"wp:attachment":[{"href":"https:\/\/cnctulua.tv\/index.php?rest_route=%2Fwp%2Fv2%2Fmedia&parent=38153"}],"wp:term":[{"taxonomy":"category","embeddable":true,"href":"https:\/\/cnctulua.tv\/index.php?rest_route=%2Fwp%2Fv2%2Fcategories&post=38153"},{"taxonomy":"post_tag","embeddable":true,"href":"https:\/\/cnctulua.tv\/index.php?rest_route=%2Fwp%2Fv2%2Ftags&post=38153"}],"curies":[{"name":"wp","href":"https:\/\/api.w.org\/{rel}","templated":true}]}}