{"id":38165,"date":"2025-10-09T16:49:50","date_gmt":"2025-10-09T16:49:50","guid":{"rendered":"https:\/\/cnctulua.tv\/?p=38165"},"modified":"2025-10-09T16:49:50","modified_gmt":"2025-10-09T16:49:50","slug":"tulua-realizara-el-festival-maria-antonia-ruiz-en-homenaje-a-la-comunidad-afrodescendiente","status":"publish","type":"post","link":"https:\/\/cnctulua.tv\/?p=38165","title":{"rendered":"Tulu\u00e1 realizar\u00e1 el Festival Mar\u00eda Antonia Ruiz en homenaje a la comunidad afrodescendiente."},"content":{"rendered":"\n<p>El coliseo Manuel Victoria Rojas ser\u00e1 escenario del Festival Mar\u00eda Antonia Ruiz, que se llevar\u00e1 a cabo del 11 al 13 de octubre en Tulu\u00e1. El evento busca visibilizar el legado hist\u00f3rico y cultural de la poblaci\u00f3n afrodescendiente y fortalecer su identidad dentro del municipio.<\/p>\n\n\n\n<figure class=\"wp-block-embed is-type-video is-provider-youtube wp-block-embed-youtube wp-embed-aspect-16-9 wp-has-aspect-ratio\"><div class=\"wp-block-embed__wrapper\">\n<iframe loading=\"lazy\" title=\"\ud83c\udfb6 Sabor, historia y tradici\u00f3n se unen en el festival Mar\u00eda Antonia Ruiz en el centro del Valle. \ud83c\udf3a\" width=\"640\" height=\"360\" src=\"https:\/\/www.youtube.com\/embed\/SaTBdpLx_G8?feature=oembed\" frameborder=\"0\" allow=\"accelerometer; autoplay; clipboard-write; encrypted-media; gyroscope; picture-in-picture; web-share\" referrerpolicy=\"strict-origin-when-cross-origin\" allowfullscreen><\/iframe>\n<\/div><\/figure>\n\n\n\n<p>Roberto Carlos Angulo Lozano, coordinador de Asuntos Afrodescendientes, explic\u00f3 que el festival naci\u00f3 a partir de una investigaci\u00f3n acad\u00e9mica realizada por la doctora Alexandra G\u00e1mez, quien document\u00f3 la historia de Mar\u00eda Antonia Ruiz, una figura reconocida por su aporte hist\u00f3rico.<\/p>\n\n\n\n<p>La programaci\u00f3n incluir\u00e1 gastronom\u00eda tradicional, bebidas ancestrales, dulcer\u00eda artesanal y presentaciones musicales con artistas locales y nacionales, adem\u00e1s de invitados internacionales.<\/p>\n\n\n\n<p>El festival est\u00e1 abierto a toda la comunidad del centro del Valle del Cauca y busca consolidarse como un espacio de reconocimiento a la diversidad \u00e9tnica y cultural de la regi\u00f3n.<\/p>\n\n\n\n<p><\/p>\n","protected":false},"excerpt":{"rendered":"<p>El coliseo Manuel Victoria Rojas ser\u00e1 escenario del Festival Mar\u00eda Antonia Ruiz, que se llevar\u00e1 a cabo del 11 al 13 de octubre en Tulu\u00e1. El evento busca visibilizar el legado hist\u00f3rico y cultural de la poblaci\u00f3n afrodescendiente y fortalecer su identidad dentro del municipio. Roberto Carlos Angulo Lozano, coordinador de Asuntos Afrodescendientes, explic\u00f3 que [&hellip;]<\/p>\n","protected":false},"author":3,"featured_media":38206,"comment_status":"open","ping_status":"open","sticky":false,"template":"","format":"video","meta":{"footnotes":""},"categories":[10,1515],"tags":[],"class_list":["post-38165","post","type-post","status-publish","format-video","has-post-thumbnail","hentry","category-cnc-noticias-tulua","category-cnc-tulua","post_format-post-format-video"],"_links":{"self":[{"href":"https:\/\/cnctulua.tv\/index.php?rest_route=\/wp\/v2\/posts\/38165","targetHints":{"allow":["GET"]}}],"collection":[{"href":"https:\/\/cnctulua.tv\/index.php?rest_route=\/wp\/v2\/posts"}],"about":[{"href":"https:\/\/cnctulua.tv\/index.php?rest_route=\/wp\/v2\/types\/post"}],"author":[{"embeddable":true,"href":"https:\/\/cnctulua.tv\/index.php?rest_route=\/wp\/v2\/users\/3"}],"replies":[{"embeddable":true,"href":"https:\/\/cnctulua.tv\/index.php?rest_route=%2Fwp%2Fv2%2Fcomments&post=38165"}],"version-history":[{"count":1,"href":"https:\/\/cnctulua.tv\/index.php?rest_route=\/wp\/v2\/posts\/38165\/revisions"}],"predecessor-version":[{"id":38214,"href":"https:\/\/cnctulua.tv\/index.php?rest_route=\/wp\/v2\/posts\/38165\/revisions\/38214"}],"wp:featuredmedia":[{"embeddable":true,"href":"https:\/\/cnctulua.tv\/index.php?rest_route=\/wp\/v2\/media\/38206"}],"wp:attachment":[{"href":"https:\/\/cnctulua.tv\/index.php?rest_route=%2Fwp%2Fv2%2Fmedia&parent=38165"}],"wp:term":[{"taxonomy":"category","embeddable":true,"href":"https:\/\/cnctulua.tv\/index.php?rest_route=%2Fwp%2Fv2%2Fcategories&post=38165"},{"taxonomy":"post_tag","embeddable":true,"href":"https:\/\/cnctulua.tv\/index.php?rest_route=%2Fwp%2Fv2%2Ftags&post=38165"}],"curies":[{"name":"wp","href":"https:\/\/api.w.org\/{rel}","templated":true}]}}