{"id":38194,"date":"2025-10-09T17:47:00","date_gmt":"2025-10-09T17:47:00","guid":{"rendered":"https:\/\/cnctulua.tv\/?p=38194"},"modified":"2025-10-09T17:47:00","modified_gmt":"2025-10-09T17:47:00","slug":"armada-de-colombia-mantiene-busqueda-de-desaparecidos-tras-naufragio-en-el-rio-naya","status":"publish","type":"post","link":"https:\/\/cnctulua.tv\/?p=38194","title":{"rendered":"Armada de Colombia mantiene b\u00fasqueda de desaparecidos tras naufragio en el r\u00edo Naya."},"content":{"rendered":"\n<p>La Armada de Colombia contin\u00faa la operaci\u00f3n de b\u00fasqueda y rescate de cinco personas desaparecidas \u2014tres adultos y dos menores\u2014 tras el naufragio de la motonave \u201cDon Alfredo\u201d el pasado 3 de octubre en el sector del r\u00edo Naya, en el litoral Pac\u00edfico.<\/p>\n\n\n\n<figure class=\"wp-block-embed is-type-video is-provider-youtube wp-block-embed-youtube wp-embed-aspect-16-9 wp-has-aspect-ratio\"><div class=\"wp-block-embed__wrapper\">\n<iframe loading=\"lazy\" title=\"\ud83d\udea4 La Armada de Colombia contin\u00faa labores de b\u00fasqueda y rescate en el r\u00edo Naya.\" width=\"640\" height=\"360\" src=\"https:\/\/www.youtube.com\/embed\/RdeyKFcUWLw?feature=oembed\" frameborder=\"0\" allow=\"accelerometer; autoplay; clipboard-write; encrypted-media; gyroscope; picture-in-picture; web-share\" referrerpolicy=\"strict-origin-when-cross-origin\" allowfullscreen><\/iframe>\n<\/div><\/figure>\n\n\n\n<p>De acuerdo con la Instituci\u00f3n Naval, la emergencia fue atendida de inmediato con la activaci\u00f3n de unidades de Guardacostas de Buenaventura, medios a\u00e9reos, embarcaciones de superficie y tropas de Infanter\u00eda de Marina.<\/p>\n\n\n\n<p>Hasta el momento, se ha logrado rescatar a 38 personas con vida y recuperar dos cuerpos sin vida.<\/p>\n\n\n\n<p>La b\u00fasqueda se ha extendido hasta la zona de Bocas de San Juan, donde equipos especializados contin\u00faan inspeccionando tanto la superficie como zonas subacu\u00e1ticas, con el apoyo de la comunidad local.<\/p>\n\n\n\n<p>La Armada reiter\u00f3 su compromiso con la seguridad mar\u00edtima y la protecci\u00f3n de la vida humana en el mar, agradeciendo la colaboraci\u00f3n de los habitantes costeros y ribere\u00f1os durante las labores.<\/p>\n","protected":false},"excerpt":{"rendered":"<p>La Armada de Colombia contin\u00faa la operaci\u00f3n de b\u00fasqueda y rescate de cinco personas desaparecidas \u2014tres adultos y dos menores\u2014 tras el naufragio de la motonave \u201cDon Alfredo\u201d el pasado 3 de octubre en el sector del r\u00edo Naya, en el litoral Pac\u00edfico. De acuerdo con la Instituci\u00f3n Naval, la emergencia fue atendida de inmediato [&hellip;]<\/p>\n","protected":false},"author":3,"featured_media":38219,"comment_status":"open","ping_status":"open","sticky":false,"template":"","format":"video","meta":{"footnotes":""},"categories":[10,1515],"tags":[],"class_list":["post-38194","post","type-post","status-publish","format-video","has-post-thumbnail","hentry","category-cnc-noticias-tulua","category-cnc-tulua","post_format-post-format-video"],"_links":{"self":[{"href":"https:\/\/cnctulua.tv\/index.php?rest_route=\/wp\/v2\/posts\/38194","targetHints":{"allow":["GET"]}}],"collection":[{"href":"https:\/\/cnctulua.tv\/index.php?rest_route=\/wp\/v2\/posts"}],"about":[{"href":"https:\/\/cnctulua.tv\/index.php?rest_route=\/wp\/v2\/types\/post"}],"author":[{"embeddable":true,"href":"https:\/\/cnctulua.tv\/index.php?rest_route=\/wp\/v2\/users\/3"}],"replies":[{"embeddable":true,"href":"https:\/\/cnctulua.tv\/index.php?rest_route=%2Fwp%2Fv2%2Fcomments&post=38194"}],"version-history":[{"count":1,"href":"https:\/\/cnctulua.tv\/index.php?rest_route=\/wp\/v2\/posts\/38194\/revisions"}],"predecessor-version":[{"id":38224,"href":"https:\/\/cnctulua.tv\/index.php?rest_route=\/wp\/v2\/posts\/38194\/revisions\/38224"}],"wp:featuredmedia":[{"embeddable":true,"href":"https:\/\/cnctulua.tv\/index.php?rest_route=\/wp\/v2\/media\/38219"}],"wp:attachment":[{"href":"https:\/\/cnctulua.tv\/index.php?rest_route=%2Fwp%2Fv2%2Fmedia&parent=38194"}],"wp:term":[{"taxonomy":"category","embeddable":true,"href":"https:\/\/cnctulua.tv\/index.php?rest_route=%2Fwp%2Fv2%2Fcategories&post=38194"},{"taxonomy":"post_tag","embeddable":true,"href":"https:\/\/cnctulua.tv\/index.php?rest_route=%2Fwp%2Fv2%2Ftags&post=38194"}],"curies":[{"name":"wp","href":"https:\/\/api.w.org\/{rel}","templated":true}]}}