{"id":38196,"date":"2025-10-10T15:59:50","date_gmt":"2025-10-10T15:59:50","guid":{"rendered":"https:\/\/cnctulua.tv\/?p=38196"},"modified":"2025-10-10T15:59:50","modified_gmt":"2025-10-10T15:59:50","slug":"el-municipio-de-tulua-fortalece-los-programas-de-inclusion-para-personas-con-discapacidad","status":"publish","type":"post","link":"https:\/\/cnctulua.tv\/?p=38196","title":{"rendered":"El municipio de Tulu\u00e1, fortalece los programas de inclusi\u00f3n para personas con discapacidad."},"content":{"rendered":"\n<p>La Secretar\u00eda de Bienestar Social contin\u00faa impulsando acciones inclusivas a trav\u00e9s del \u00e1rea de discapacidad, con el prop\u00f3sito de mejorar la formaci\u00f3n, recreaci\u00f3n y bienestar de las personas con discapacidad y sus cuidadores.<\/p>\n\n\n\n<figure class=\"wp-block-embed is-type-video is-provider-youtube wp-block-embed-youtube wp-embed-aspect-16-9 wp-has-aspect-ratio\"><div class=\"wp-block-embed__wrapper\">\n<iframe loading=\"lazy\" title=\"\ud83e\udd1d La Secretar\u00eda de Bienestar impulsa inclusi\u00f3n y formaci\u00f3n para personas con discapacidad \ud83c\udf1f\ud83c\udfb6\ud83c\udfca\u200d\u2640\ufe0f\ud83c\udf5e.\" width=\"640\" height=\"360\" src=\"https:\/\/www.youtube.com\/embed\/yNsZjgl54Es?feature=oembed\" frameborder=\"0\" allow=\"accelerometer; autoplay; clipboard-write; encrypted-media; gyroscope; picture-in-picture; web-share\" referrerpolicy=\"strict-origin-when-cross-origin\" allowfullscreen><\/iframe>\n<\/div><\/figure>\n\n\n\n<p>Seg\u00fan Gustavo Lozano, apoyo de la coordinaci\u00f3n del \u00e1rea, se adelanta el curso de cuidador de personas con discapacidad en alianza con el SENA, que certifica por competencias laborales a quienes prestan este servicio.<\/p>\n\n\n\n<figure class=\"wp-block-image size-full\"><img loading=\"lazy\" decoding=\"async\" width=\"746\" height=\"494\" src=\"https:\/\/cnctulua.tv\/wp-content\/uploads\/2025\/10\/social.png\" alt=\"\" class=\"wp-image-38248\" srcset=\"https:\/\/cnctulua.tv\/wp-content\/uploads\/2025\/10\/social.png 746w, https:\/\/cnctulua.tv\/wp-content\/uploads\/2025\/10\/social-300x199.png 300w\" sizes=\"auto, (max-width: 746px) 100vw, 746px\" \/><\/figure>\n\n\n\n<p>Adem\u00e1s, se desarrollan talleres de m\u00fasica, danza, nataci\u00f3n y actividad f\u00edsica, as\u00ed como capacitaciones en productos de aseo y panader\u00eda, que fomentan la participaci\u00f3n y la autonom\u00eda econ\u00f3mica.<\/p>\n\n\n\n<p>Uno de los resultados m\u00e1s destacados es la creaci\u00f3n de un emprendimiento de cuidadoras, quienes comercializan sus productos en el Centro Comercial Bicentenario.<\/p>\n\n\n\n<p>La Secretar\u00eda invita a las personas interesadas a acercarse a sus instalaciones o consultar las redes sociales institucionales para acceder a la programaci\u00f3n completa.<\/p>\n","protected":false},"excerpt":{"rendered":"<p>La Secretar\u00eda de Bienestar Social contin\u00faa impulsando acciones inclusivas a trav\u00e9s del \u00e1rea de discapacidad, con el prop\u00f3sito de mejorar la formaci\u00f3n, recreaci\u00f3n y bienestar de las personas con discapacidad y sus cuidadores. Seg\u00fan Gustavo Lozano, apoyo de la coordinaci\u00f3n del \u00e1rea, se adelanta el curso de cuidador de personas con discapacidad en alianza con [&hellip;]<\/p>\n","protected":false},"author":3,"featured_media":38247,"comment_status":"open","ping_status":"open","sticky":false,"template":"","format":"video","meta":{"footnotes":""},"categories":[10,1],"tags":[],"class_list":["post-38196","post","type-post","status-publish","format-video","has-post-thumbnail","hentry","category-cnc-noticias-tulua","category-uncategorized","post_format-post-format-video"],"_links":{"self":[{"href":"https:\/\/cnctulua.tv\/index.php?rest_route=\/wp\/v2\/posts\/38196","targetHints":{"allow":["GET"]}}],"collection":[{"href":"https:\/\/cnctulua.tv\/index.php?rest_route=\/wp\/v2\/posts"}],"about":[{"href":"https:\/\/cnctulua.tv\/index.php?rest_route=\/wp\/v2\/types\/post"}],"author":[{"embeddable":true,"href":"https:\/\/cnctulua.tv\/index.php?rest_route=\/wp\/v2\/users\/3"}],"replies":[{"embeddable":true,"href":"https:\/\/cnctulua.tv\/index.php?rest_route=%2Fwp%2Fv2%2Fcomments&post=38196"}],"version-history":[{"count":1,"href":"https:\/\/cnctulua.tv\/index.php?rest_route=\/wp\/v2\/posts\/38196\/revisions"}],"predecessor-version":[{"id":38250,"href":"https:\/\/cnctulua.tv\/index.php?rest_route=\/wp\/v2\/posts\/38196\/revisions\/38250"}],"wp:featuredmedia":[{"embeddable":true,"href":"https:\/\/cnctulua.tv\/index.php?rest_route=\/wp\/v2\/media\/38247"}],"wp:attachment":[{"href":"https:\/\/cnctulua.tv\/index.php?rest_route=%2Fwp%2Fv2%2Fmedia&parent=38196"}],"wp:term":[{"taxonomy":"category","embeddable":true,"href":"https:\/\/cnctulua.tv\/index.php?rest_route=%2Fwp%2Fv2%2Fcategories&post=38196"},{"taxonomy":"post_tag","embeddable":true,"href":"https:\/\/cnctulua.tv\/index.php?rest_route=%2Fwp%2Fv2%2Ftags&post=38196"}],"curies":[{"name":"wp","href":"https:\/\/api.w.org\/{rel}","templated":true}]}}