{"id":38237,"date":"2025-10-10T17:03:25","date_gmt":"2025-10-10T17:03:25","guid":{"rendered":"https:\/\/cnctulua.tv\/?p=38237"},"modified":"2025-10-10T17:03:25","modified_gmt":"2025-10-10T17:03:25","slug":"tulua-celebra-12-anos-de-agroturismo-y-negocios-la-feria-empresarial-mas-importante-del-centro-del-valle","status":"publish","type":"post","link":"https:\/\/cnctulua.tv\/?p=38237","title":{"rendered":"Tulu\u00e1 celebra 12 a\u00f1os de Agroturismo y Negocios, la feria empresarial m\u00e1s importante del centro del Valle."},"content":{"rendered":"\n<p>La C\u00e1mara de Comercio de Tulu\u00e1 realiz\u00f3 el lanzamiento de la duod\u00e9cima versi\u00f3n de Agroturismo y Negocios, una feria que se ha consolidado como uno de los eventos empresariales m\u00e1s representativos del suroccidente colombiano.<\/p>\n\n\n\n<figure class=\"wp-block-embed is-type-video is-provider-youtube wp-block-embed-youtube wp-embed-aspect-16-9 wp-has-aspect-ratio\"><div class=\"wp-block-embed__wrapper\">\n<iframe loading=\"lazy\" title=\"\ud83c\udf3e Tulu\u00e1 impulsa el emprendimiento y la innovaci\u00f3n. \ud83d\ude9c\ud83e\udd1d\" width=\"640\" height=\"360\" src=\"https:\/\/www.youtube.com\/embed\/qgADlMIOgjU?feature=oembed\" frameborder=\"0\" allow=\"accelerometer; autoplay; clipboard-write; encrypted-media; gyroscope; picture-in-picture; web-share\" referrerpolicy=\"strict-origin-when-cross-origin\" allowfullscreen><\/iframe>\n<\/div><\/figure>\n\n\n\n<p>El presidente ejecutivo de la C\u00e1mara, Miguel \u00c1ngel Gonz\u00e1lez Berm\u00fadez, record\u00f3 que el evento naci\u00f3 hace 12 a\u00f1os con apenas 60 empresarios del sector agroindustrial y hoy cuenta con m\u00e1s de 200 expositores de diferentes regiones del pa\u00eds.<\/p>\n\n\n\n<p>\u201cHoy podemos decir que es una feria madura, con impacto nacional y con un nivel de articulaci\u00f3n institucional que fortalece el emprendimiento, la formalizaci\u00f3n y la competitividad\u201d, afirm\u00f3 el directivo.<\/p>\n\n\n\n<p>Empresas provenientes de Norte de Santander, Huila, Risaralda, Cauca, Nari\u00f1o, Bogot\u00e1 y el Valle del Cauca participar\u00e1n en esta edici\u00f3n, que adem\u00e1s promueve productos locales como el biche del Pac\u00edfico y bebidas artesanales como el bolegancho, elaboradas en distintas regiones del pa\u00eds.<\/p>\n\n\n\n<p>La feria cuenta con el apoyo de la Agencia de Desarrollo Rural, el SENA y la Alcald\u00eda de Tulu\u00e1, consolid\u00e1ndose como un espacio de encuentro entre el campo, la industria y el turismo.<\/p>\n","protected":false},"excerpt":{"rendered":"<p>La C\u00e1mara de Comercio de Tulu\u00e1 realiz\u00f3 el lanzamiento de la duod\u00e9cima versi\u00f3n de Agroturismo y Negocios, una feria que se ha consolidado como uno de los eventos empresariales m\u00e1s representativos del suroccidente colombiano. El presidente ejecutivo de la C\u00e1mara, Miguel \u00c1ngel Gonz\u00e1lez Berm\u00fadez, record\u00f3 que el evento naci\u00f3 hace 12 a\u00f1os con apenas 60 [&hellip;]<\/p>\n","protected":false},"author":3,"featured_media":38271,"comment_status":"open","ping_status":"open","sticky":false,"template":"","format":"video","meta":{"footnotes":""},"categories":[10,1515],"tags":[],"class_list":["post-38237","post","type-post","status-publish","format-video","has-post-thumbnail","hentry","category-cnc-noticias-tulua","category-cnc-tulua","post_format-post-format-video"],"_links":{"self":[{"href":"https:\/\/cnctulua.tv\/index.php?rest_route=\/wp\/v2\/posts\/38237","targetHints":{"allow":["GET"]}}],"collection":[{"href":"https:\/\/cnctulua.tv\/index.php?rest_route=\/wp\/v2\/posts"}],"about":[{"href":"https:\/\/cnctulua.tv\/index.php?rest_route=\/wp\/v2\/types\/post"}],"author":[{"embeddable":true,"href":"https:\/\/cnctulua.tv\/index.php?rest_route=\/wp\/v2\/users\/3"}],"replies":[{"embeddable":true,"href":"https:\/\/cnctulua.tv\/index.php?rest_route=%2Fwp%2Fv2%2Fcomments&post=38237"}],"version-history":[{"count":1,"href":"https:\/\/cnctulua.tv\/index.php?rest_route=\/wp\/v2\/posts\/38237\/revisions"}],"predecessor-version":[{"id":38272,"href":"https:\/\/cnctulua.tv\/index.php?rest_route=\/wp\/v2\/posts\/38237\/revisions\/38272"}],"wp:featuredmedia":[{"embeddable":true,"href":"https:\/\/cnctulua.tv\/index.php?rest_route=\/wp\/v2\/media\/38271"}],"wp:attachment":[{"href":"https:\/\/cnctulua.tv\/index.php?rest_route=%2Fwp%2Fv2%2Fmedia&parent=38237"}],"wp:term":[{"taxonomy":"category","embeddable":true,"href":"https:\/\/cnctulua.tv\/index.php?rest_route=%2Fwp%2Fv2%2Fcategories&post=38237"},{"taxonomy":"post_tag","embeddable":true,"href":"https:\/\/cnctulua.tv\/index.php?rest_route=%2Fwp%2Fv2%2Ftags&post=38237"}],"curies":[{"name":"wp","href":"https:\/\/api.w.org\/{rel}","templated":true}]}}