{"id":38267,"date":"2025-10-10T16:50:54","date_gmt":"2025-10-10T16:50:54","guid":{"rendered":"https:\/\/cnctulua.tv\/?p=38267"},"modified":"2025-10-10T16:50:54","modified_gmt":"2025-10-10T16:50:54","slug":"la-gobernacion-del-valle-promueve-el-cuidado-de-la-salud-mental","status":"publish","type":"post","link":"https:\/\/cnctulua.tv\/?p=38267","title":{"rendered":"La Gobernaci\u00f3n del Valle promueve el cuidado de la salud mental."},"content":{"rendered":"\n<p>En conmemoraci\u00f3n del D\u00eda Mundial de la Salud Mental, la Gobernaci\u00f3n del Valle del Cauca reiter\u00f3 el llamado a cuidar el bienestar emocional y buscar atenci\u00f3n profesional ante cualquier signo de alerta.<\/p>\n\n\n\n<figure class=\"wp-block-embed is-type-video is-provider-youtube wp-block-embed-youtube wp-embed-aspect-16-9 wp-has-aspect-ratio\"><div class=\"wp-block-embed__wrapper\">\n<iframe loading=\"lazy\" title=\"\ud83d\udc9a \ud83e\udde0 Valle del Cauca refuerza atenci\u00f3n en salud mental | D\u00eda Mundial de la Salud Mental.\" width=\"640\" height=\"360\" src=\"https:\/\/www.youtube.com\/embed\/EKFElFY6K_M?feature=oembed\" frameborder=\"0\" allow=\"accelerometer; autoplay; clipboard-write; encrypted-media; gyroscope; picture-in-picture; web-share\" referrerpolicy=\"strict-origin-when-cross-origin\" allowfullscreen><\/iframe>\n<\/div><\/figure>\n\n\n\n<p>La secretaria de Salud del Valle, Mar\u00eda Cristina Lesmes, explic\u00f3 que las enfermedades mentales deben asumirse con la misma seriedad que las f\u00edsicas, destacando que los s\u00edntomas como la tristeza persistente, la angustia o la dificultad para concentrarse requieren valoraci\u00f3n m\u00e9dica.<\/p>\n\n\n\n<p>El departamento cuenta con la L\u00ednea 106, disponible las 24 horas del d\u00eda, donde psic\u00f3logos especializados orientan a los ciudadanos en crisis emocionales o situaciones de riesgo.<\/p>\n\n\n\n<p>Desde la administraci\u00f3n departamental se insisti\u00f3 en la importancia de hablar abiertamente sobre el tema, evitar la estigmatizaci\u00f3n y promover el acompa\u00f1amiento familiar y comunitario como parte del bienestar integral.<\/p>\n","protected":false},"excerpt":{"rendered":"<p>En conmemoraci\u00f3n del D\u00eda Mundial de la Salud Mental, la Gobernaci\u00f3n del Valle del Cauca reiter\u00f3 el llamado a cuidar el bienestar emocional y buscar atenci\u00f3n profesional ante cualquier signo de alerta. La secretaria de Salud del Valle, Mar\u00eda Cristina Lesmes, explic\u00f3 que las enfermedades mentales deben asumirse con la misma seriedad que las f\u00edsicas, [&hellip;]<\/p>\n","protected":false},"author":3,"featured_media":38268,"comment_status":"open","ping_status":"open","sticky":false,"template":"","format":"video","meta":{"footnotes":""},"categories":[10,1515],"tags":[],"class_list":["post-38267","post","type-post","status-publish","format-video","has-post-thumbnail","hentry","category-cnc-noticias-tulua","category-cnc-tulua","post_format-post-format-video"],"_links":{"self":[{"href":"https:\/\/cnctulua.tv\/index.php?rest_route=\/wp\/v2\/posts\/38267","targetHints":{"allow":["GET"]}}],"collection":[{"href":"https:\/\/cnctulua.tv\/index.php?rest_route=\/wp\/v2\/posts"}],"about":[{"href":"https:\/\/cnctulua.tv\/index.php?rest_route=\/wp\/v2\/types\/post"}],"author":[{"embeddable":true,"href":"https:\/\/cnctulua.tv\/index.php?rest_route=\/wp\/v2\/users\/3"}],"replies":[{"embeddable":true,"href":"https:\/\/cnctulua.tv\/index.php?rest_route=%2Fwp%2Fv2%2Fcomments&post=38267"}],"version-history":[{"count":1,"href":"https:\/\/cnctulua.tv\/index.php?rest_route=\/wp\/v2\/posts\/38267\/revisions"}],"predecessor-version":[{"id":38269,"href":"https:\/\/cnctulua.tv\/index.php?rest_route=\/wp\/v2\/posts\/38267\/revisions\/38269"}],"wp:featuredmedia":[{"embeddable":true,"href":"https:\/\/cnctulua.tv\/index.php?rest_route=\/wp\/v2\/media\/38268"}],"wp:attachment":[{"href":"https:\/\/cnctulua.tv\/index.php?rest_route=%2Fwp%2Fv2%2Fmedia&parent=38267"}],"wp:term":[{"taxonomy":"category","embeddable":true,"href":"https:\/\/cnctulua.tv\/index.php?rest_route=%2Fwp%2Fv2%2Fcategories&post=38267"},{"taxonomy":"post_tag","embeddable":true,"href":"https:\/\/cnctulua.tv\/index.php?rest_route=%2Fwp%2Fv2%2Ftags&post=38267"}],"curies":[{"name":"wp","href":"https:\/\/api.w.org\/{rel}","templated":true}]}}