{"id":38283,"date":"2025-10-14T17:05:10","date_gmt":"2025-10-14T17:05:10","guid":{"rendered":"https:\/\/cnctulua.tv\/?p=38283"},"modified":"2025-10-14T17:05:10","modified_gmt":"2025-10-14T17:05:10","slug":"en-tulua-se-prepara-para-fortalecer-el-comercio-durante-la-temporada-decembrina","status":"publish","type":"post","link":"https:\/\/cnctulua.tv\/?p=38283","title":{"rendered":"En Tulu\u00e1 se prepara para fortalecer el comercio durante la temporada decembrina."},"content":{"rendered":"\n<p>La C\u00e1mara de Comercio de Tulu\u00e1 inici\u00f3 la coordinaci\u00f3n de actividades con diferentes entidades p\u00fablicas y privadas para acompa\u00f1ar a los comerciantes durante la temporada navide\u00f1a.<\/p>\n\n\n\n<figure class=\"wp-block-embed is-type-video is-provider-youtube wp-block-embed-youtube wp-embed-aspect-16-9 wp-has-aspect-ratio\"><div class=\"wp-block-embed__wrapper\">\n<iframe loading=\"lazy\" title=\"\ud83c\udf84 \u00a1Tulu\u00e1 se alista para la temporada decembrina! \ud83d\udcbc\u2728\" width=\"640\" height=\"360\" src=\"https:\/\/www.youtube.com\/embed\/JyrCetrumh0?feature=oembed\" frameborder=\"0\" allow=\"accelerometer; autoplay; clipboard-write; encrypted-media; gyroscope; picture-in-picture; web-share\" referrerpolicy=\"strict-origin-when-cross-origin\" allowfullscreen><\/iframe>\n<\/div><\/figure>\n\n\n\n<p>El presidente ejecutivo, Miguel \u00c1ngel Gonz\u00e1lez Berm\u00fadez, explic\u00f3 que se est\u00e1n realizando reuniones con la Alcald\u00eda Municipal, Fenalco, la Polic\u00eda Nacional y empresarios locales para planificar acciones conjuntas que fortalezcan la econom\u00eda y la seguridad durante las celebraciones de fin de a\u00f1o.<\/p>\n\n\n\n<p>\u201cYa venimos trabajando con las entidades, con la alcald\u00eda municipal, con Fenalco y con los empresarios. Esperamos hacer cosas importantes para diciembre, acompa\u00f1ando a nuestros comerciantes y articulando el tema de seguridad con la Polic\u00eda Nacional\u201d, se\u00f1al\u00f3 el directivo.<\/p>\n\n\n\n<p>El prop\u00f3sito de la estrategia es apoyar a los sectores m\u00e1s activos del comercio tulue\u00f1o, promover espacios seguros y fortalecer la reactivaci\u00f3n econ\u00f3mica de la regi\u00f3n.<\/p>\n\n\n\n<p>Estas acciones tambi\u00e9n se extender\u00e1n a los municipios de influencia de la C\u00e1mara de Comercio de Tulu\u00e1, impulsando el trabajo articulado para el desarrollo empresarial y la convivencia ciudadana durante la \u00e9poca decembrina.<\/p>\n","protected":false},"excerpt":{"rendered":"<p>La C\u00e1mara de Comercio de Tulu\u00e1 inici\u00f3 la coordinaci\u00f3n de actividades con diferentes entidades p\u00fablicas y privadas para acompa\u00f1ar a los comerciantes durante la temporada navide\u00f1a. El presidente ejecutivo, Miguel \u00c1ngel Gonz\u00e1lez Berm\u00fadez, explic\u00f3 que se est\u00e1n realizando reuniones con la Alcald\u00eda Municipal, Fenalco, la Polic\u00eda Nacional y empresarios locales para planificar acciones conjuntas que [&hellip;]<\/p>\n","protected":false},"author":3,"featured_media":38305,"comment_status":"open","ping_status":"open","sticky":false,"template":"","format":"video","meta":{"footnotes":""},"categories":[10,1515],"tags":[],"class_list":["post-38283","post","type-post","status-publish","format-video","has-post-thumbnail","hentry","category-cnc-noticias-tulua","category-cnc-tulua","post_format-post-format-video"],"_links":{"self":[{"href":"https:\/\/cnctulua.tv\/index.php?rest_route=\/wp\/v2\/posts\/38283","targetHints":{"allow":["GET"]}}],"collection":[{"href":"https:\/\/cnctulua.tv\/index.php?rest_route=\/wp\/v2\/posts"}],"about":[{"href":"https:\/\/cnctulua.tv\/index.php?rest_route=\/wp\/v2\/types\/post"}],"author":[{"embeddable":true,"href":"https:\/\/cnctulua.tv\/index.php?rest_route=\/wp\/v2\/users\/3"}],"replies":[{"embeddable":true,"href":"https:\/\/cnctulua.tv\/index.php?rest_route=%2Fwp%2Fv2%2Fcomments&post=38283"}],"version-history":[{"count":1,"href":"https:\/\/cnctulua.tv\/index.php?rest_route=\/wp\/v2\/posts\/38283\/revisions"}],"predecessor-version":[{"id":38306,"href":"https:\/\/cnctulua.tv\/index.php?rest_route=\/wp\/v2\/posts\/38283\/revisions\/38306"}],"wp:featuredmedia":[{"embeddable":true,"href":"https:\/\/cnctulua.tv\/index.php?rest_route=\/wp\/v2\/media\/38305"}],"wp:attachment":[{"href":"https:\/\/cnctulua.tv\/index.php?rest_route=%2Fwp%2Fv2%2Fmedia&parent=38283"}],"wp:term":[{"taxonomy":"category","embeddable":true,"href":"https:\/\/cnctulua.tv\/index.php?rest_route=%2Fwp%2Fv2%2Fcategories&post=38283"},{"taxonomy":"post_tag","embeddable":true,"href":"https:\/\/cnctulua.tv\/index.php?rest_route=%2Fwp%2Fv2%2Ftags&post=38283"}],"curies":[{"name":"wp","href":"https:\/\/api.w.org\/{rel}","templated":true}]}}