{"id":38284,"date":"2025-10-14T17:19:39","date_gmt":"2025-10-14T17:19:39","guid":{"rendered":"https:\/\/cnctulua.tv\/?p=38284"},"modified":"2025-10-14T17:19:39","modified_gmt":"2025-10-14T17:19:39","slug":"abren-convocatoria-valle-lab-agencias-para-fortalecer-el-turismo-en-el-valle-del-cauca","status":"publish","type":"post","link":"https:\/\/cnctulua.tv\/?p=38284","title":{"rendered":"Abren convocatoria \u201cValle Lab Agencias\u201d para fortalecer el turismo en el Valle del Cauca."},"content":{"rendered":"\n<p>La Gobernaci\u00f3n del Valle del Cauca, en alianza con las c\u00e1maras de comercio del departamento, abri\u00f3 la convocatoria Valle Lab Agencias, una estrategia que busca acompa\u00f1ar a los operadores tur\u00edsticos en el fortalecimiento de sus servicios mediante procesos de formaci\u00f3n, innovaci\u00f3n y asesor\u00eda especializada.<\/p>\n\n\n\n<figure class=\"wp-block-embed is-type-video is-provider-youtube wp-block-embed-youtube wp-embed-aspect-16-9 wp-has-aspect-ratio\"><div class=\"wp-block-embed__wrapper\">\n<iframe loading=\"lazy\" title=\"\ud83c\udf0e \u00a1Valle Lab Agencias impulsa el turismo regional!\" width=\"640\" height=\"360\" src=\"https:\/\/www.youtube.com\/embed\/m_INf4xxPWw?feature=oembed\" frameborder=\"0\" allow=\"accelerometer; autoplay; clipboard-write; encrypted-media; gyroscope; picture-in-picture; web-share\" referrerpolicy=\"strict-origin-when-cross-origin\" allowfullscreen><\/iframe>\n<\/div><\/figure>\n\n\n\n<p>La iniciativa tiene como objetivo fortalecer 120 emprendimientos y operadores tur\u00edsticos en \u00e1reas como tecnolog\u00eda, marketing digital, innovaci\u00f3n y sostenibilidad, impulsando la competitividad del sector.<\/p>\n\n\n\n<p>\u201cBuscamos fortalecer emprendimientos de operadores tur\u00edsticos en tecnolog\u00eda, innovaci\u00f3n, marketing digital y negocios sostenibles. Esperamos impactar 120 emprendimientos y operadores tur\u00edsticos\u201d, se\u00f1al\u00f3 Miyerlandy Torres, secretaria de Turismo del Valle del Cauca.<\/p>\n\n\n\n<p>Por su parte, Wilder L\u00f3pez, presidente de la C\u00e1mara de Comercio de Buga, destac\u00f3 la articulaci\u00f3n entre el sector p\u00fablico y privado como una oportunidad para fortalecer la promoci\u00f3n de destinos tur\u00edsticos del departamento.<\/p>\n\n\n\n<p>\u201cEstamos muy contentos de dar inicio al programa Lab Agencias, que permitir\u00e1 a las agencias fortalecer sus capacidades para promover los destinos del Valle a nivel nacional e internacional.\u201d<\/p>\n\n\n\n<p>El programa est\u00e1 dirigido a agencias de viajes y operadores tur\u00edsticos interesados en mejorar su competitividad con el acompa\u00f1amiento de expertos.<\/p>\n\n\n\n<p>La participaci\u00f3n es gratuita, y los interesados pueden inscribirse a trav\u00e9s del siguiente enlace: \ud83d\udc49 https:\/\/n9.cl\/hitp0<\/p>\n","protected":false},"excerpt":{"rendered":"<p>La Gobernaci\u00f3n del Valle del Cauca, en alianza con las c\u00e1maras de comercio del departamento, abri\u00f3 la convocatoria Valle Lab Agencias, una estrategia que busca acompa\u00f1ar a los operadores tur\u00edsticos en el fortalecimiento de sus servicios mediante procesos de formaci\u00f3n, innovaci\u00f3n y asesor\u00eda especializada. La iniciativa tiene como objetivo fortalecer 120 emprendimientos y operadores tur\u00edsticos [&hellip;]<\/p>\n","protected":false},"author":3,"featured_media":38309,"comment_status":"open","ping_status":"open","sticky":false,"template":"","format":"video","meta":{"footnotes":""},"categories":[10,1515],"tags":[],"class_list":["post-38284","post","type-post","status-publish","format-video","has-post-thumbnail","hentry","category-cnc-noticias-tulua","category-cnc-tulua","post_format-post-format-video"],"_links":{"self":[{"href":"https:\/\/cnctulua.tv\/index.php?rest_route=\/wp\/v2\/posts\/38284","targetHints":{"allow":["GET"]}}],"collection":[{"href":"https:\/\/cnctulua.tv\/index.php?rest_route=\/wp\/v2\/posts"}],"about":[{"href":"https:\/\/cnctulua.tv\/index.php?rest_route=\/wp\/v2\/types\/post"}],"author":[{"embeddable":true,"href":"https:\/\/cnctulua.tv\/index.php?rest_route=\/wp\/v2\/users\/3"}],"replies":[{"embeddable":true,"href":"https:\/\/cnctulua.tv\/index.php?rest_route=%2Fwp%2Fv2%2Fcomments&post=38284"}],"version-history":[{"count":1,"href":"https:\/\/cnctulua.tv\/index.php?rest_route=\/wp\/v2\/posts\/38284\/revisions"}],"predecessor-version":[{"id":38311,"href":"https:\/\/cnctulua.tv\/index.php?rest_route=\/wp\/v2\/posts\/38284\/revisions\/38311"}],"wp:featuredmedia":[{"embeddable":true,"href":"https:\/\/cnctulua.tv\/index.php?rest_route=\/wp\/v2\/media\/38309"}],"wp:attachment":[{"href":"https:\/\/cnctulua.tv\/index.php?rest_route=%2Fwp%2Fv2%2Fmedia&parent=38284"}],"wp:term":[{"taxonomy":"category","embeddable":true,"href":"https:\/\/cnctulua.tv\/index.php?rest_route=%2Fwp%2Fv2%2Fcategories&post=38284"},{"taxonomy":"post_tag","embeddable":true,"href":"https:\/\/cnctulua.tv\/index.php?rest_route=%2Fwp%2Fv2%2Ftags&post=38284"}],"curies":[{"name":"wp","href":"https:\/\/api.w.org\/{rel}","templated":true}]}}