{"id":38360,"date":"2025-10-15T18:02:16","date_gmt":"2025-10-15T18:02:16","guid":{"rendered":"https:\/\/cnctulua.tv\/?p=38360"},"modified":"2025-10-15T18:02:16","modified_gmt":"2025-10-15T18:02:16","slug":"ecos-afrourbanfest-jovenes-afro-del-valle-mostraron-su-talento-en-la-gran-final","status":"publish","type":"post","link":"https:\/\/cnctulua.tv\/?p=38360","title":{"rendered":"Ecos AfroUrbanFest: j\u00f3venes afro del Valle mostraron su talento en la gran final."},"content":{"rendered":"\n<p>El talento y la creatividad afrocolombiana fueron protagonistas en la gran final del Festival Ecos AfroUrbanFest, evento que reuni\u00f3 a artistas de distintos municipios del Valle del Cauca en torno a la m\u00fasica, el baile y las expresiones urbanas.<\/p>\n\n\n\n<figure class=\"wp-block-embed is-provider-youtube wp-block-embed-youtube\"><div class=\"wp-block-embed__wrapper\">\nhttps:\/\/youtu.be\/hJhVal8GAlQ\n<\/div><\/figure>\n\n\n\n<p>Amy V, una de las ganadoras, celebr\u00f3 el inicio de su carrera con la grabaci\u00f3n de su primera producci\u00f3n musical, mientras que grupos como el de Yoselin Andrea Sol\u00eds representaron con orgullo a Buenaventura.<\/p>\n\n\n\n<p>Durante la jornada, los participantes demostraron el poder del arte como herramienta de transformaci\u00f3n social. El festival brindar\u00e1 a los ganadores apoyo en producci\u00f3n musical y audiovisual, as\u00ed como formaci\u00f3n y acompa\u00f1amiento para visibilizar sus proyectos en escenarios regionales y nacionales.<\/p>\n\n\n\n<p>El Ecos AfroUrbanFest contin\u00faa consolid\u00e1ndose como un proceso que impulsa el talento joven y fortalece la identidad cultural afrodescendiente en el departamento.<\/p>\n","protected":false},"excerpt":{"rendered":"<p>El talento y la creatividad afrocolombiana fueron protagonistas en la gran final del Festival Ecos AfroUrbanFest, evento que reuni\u00f3 a artistas de distintos municipios del Valle del Cauca en torno a la m\u00fasica, el baile y las expresiones urbanas. Amy V, una de las ganadoras, celebr\u00f3 el inicio de su carrera con la grabaci\u00f3n de [&hellip;]<\/p>\n","protected":false},"author":3,"featured_media":38366,"comment_status":"open","ping_status":"open","sticky":false,"template":"","format":"video","meta":{"footnotes":""},"categories":[1],"tags":[],"class_list":["post-38360","post","type-post","status-publish","format-video","has-post-thumbnail","hentry","category-uncategorized","post_format-post-format-video"],"_links":{"self":[{"href":"https:\/\/cnctulua.tv\/index.php?rest_route=\/wp\/v2\/posts\/38360","targetHints":{"allow":["GET"]}}],"collection":[{"href":"https:\/\/cnctulua.tv\/index.php?rest_route=\/wp\/v2\/posts"}],"about":[{"href":"https:\/\/cnctulua.tv\/index.php?rest_route=\/wp\/v2\/types\/post"}],"author":[{"embeddable":true,"href":"https:\/\/cnctulua.tv\/index.php?rest_route=\/wp\/v2\/users\/3"}],"replies":[{"embeddable":true,"href":"https:\/\/cnctulua.tv\/index.php?rest_route=%2Fwp%2Fv2%2Fcomments&post=38360"}],"version-history":[{"count":1,"href":"https:\/\/cnctulua.tv\/index.php?rest_route=\/wp\/v2\/posts\/38360\/revisions"}],"predecessor-version":[{"id":38367,"href":"https:\/\/cnctulua.tv\/index.php?rest_route=\/wp\/v2\/posts\/38360\/revisions\/38367"}],"wp:featuredmedia":[{"embeddable":true,"href":"https:\/\/cnctulua.tv\/index.php?rest_route=\/wp\/v2\/media\/38366"}],"wp:attachment":[{"href":"https:\/\/cnctulua.tv\/index.php?rest_route=%2Fwp%2Fv2%2Fmedia&parent=38360"}],"wp:term":[{"taxonomy":"category","embeddable":true,"href":"https:\/\/cnctulua.tv\/index.php?rest_route=%2Fwp%2Fv2%2Fcategories&post=38360"},{"taxonomy":"post_tag","embeddable":true,"href":"https:\/\/cnctulua.tv\/index.php?rest_route=%2Fwp%2Fv2%2Ftags&post=38360"}],"curies":[{"name":"wp","href":"https:\/\/api.w.org\/{rel}","templated":true}]}}