{"id":38461,"date":"2025-10-21T19:03:29","date_gmt":"2025-10-21T19:03:29","guid":{"rendered":"https:\/\/cnctulua.tv\/?p=38461"},"modified":"2025-10-21T19:03:29","modified_gmt":"2025-10-21T19:03:29","slug":"la-fuerza-aeroespacial-colombiana-abre-convocatoria-para-nuevos-incorporados","status":"publish","type":"post","link":"https:\/\/cnctulua.tv\/?p=38461","title":{"rendered":"La Fuerza Aeroespacial Colombiana abre convocatoria para nuevos incorporados."},"content":{"rendered":"\n<p>La Fuerza Aeroespacial Colombiana realizar\u00e1 los d\u00edas 27 y 28 de octubre una jornada especial de incorporaci\u00f3n dirigida a j\u00f3venes que a\u00fan no han definido su situaci\u00f3n militar.<\/p>\n\n\n\n<figure class=\"wp-block-embed is-type-video is-provider-youtube wp-block-embed-youtube wp-embed-aspect-16-9 wp-has-aspect-ratio\"><div class=\"wp-block-embed__wrapper\">\n<iframe loading=\"lazy\" title=\"\ud83d\udee9\ufe0f \u00a1Atenci\u00f3n j\u00f3venes! FUERZA AEROESPACIAL ABRE JORNADA DE INCORPORACI\u00d3N\" width=\"640\" height=\"360\" src=\"https:\/\/www.youtube.com\/embed\/Ydgck11S2e0?feature=oembed\" frameborder=\"0\" allow=\"accelerometer; autoplay; clipboard-write; encrypted-media; gyroscope; picture-in-picture; web-share\" referrerpolicy=\"strict-origin-when-cross-origin\" allowfullscreen><\/iframe>\n<\/div><\/figure>\n\n\n\n<p>El proceso se llevar\u00e1 a cabo en la base a\u00e9rea Marco Fidel Su\u00e1rez en Cali, con ex\u00e1menes m\u00e9dicos gratuitos y orientaci\u00f3n personalizada para los interesados.<\/p>\n\n\n\n<p>El t\u00e9cnico primero Cristian Orozco, encargado del proceso, se\u00f1al\u00f3 que el objetivo es facilitar el cumplimiento del servicio militar y brindar informaci\u00f3n directa sobre las condiciones y beneficios que ofrece la instituci\u00f3n.<\/p>\n\n\n\n<p>Los aspirantes deben tener entre 18 y 23 a\u00f1os, no haber definido su situaci\u00f3n militar y no presentar antecedentes judiciales ni disciplinarios.<\/p>\n\n\n\n<p>La inscripci\u00f3n se realiza directamente con la Fuerza Aeroespacial, sin intermediarios, a trav\u00e9s del n\u00famero 317 640 9340 (l\u00ednea institucional y WhatsApp).<\/p>\n\n\n\n<p>Entre los beneficios destacan el 100% de descuento en matr\u00edcula acad\u00e9mica para quienes deseen continuar su formaci\u00f3n dentro de la instituci\u00f3n, una bonificaci\u00f3n mensual equivalente a un salario m\u00ednimo desde 2026, y la oportunidad de capacitaci\u00f3n t\u00e9cnica y profesional en \u00e1reas de la fuerza.<\/p>\n\n\n\n<p>Esta jornada forma parte del compromiso institucional por acercar a los j\u00f3venes a proyectos de vida basados en la disciplina, la formaci\u00f3n y el servicio al pa\u00eds.<\/p>\n","protected":false},"excerpt":{"rendered":"<p>La Fuerza Aeroespacial Colombiana realizar\u00e1 los d\u00edas 27 y 28 de octubre una jornada especial de incorporaci\u00f3n dirigida a j\u00f3venes que a\u00fan no han definido su situaci\u00f3n militar. El proceso se llevar\u00e1 a cabo en la base a\u00e9rea Marco Fidel Su\u00e1rez en Cali, con ex\u00e1menes m\u00e9dicos gratuitos y orientaci\u00f3n personalizada para los interesados. El t\u00e9cnico [&hellip;]<\/p>\n","protected":false},"author":3,"featured_media":38493,"comment_status":"open","ping_status":"open","sticky":false,"template":"","format":"video","meta":{"footnotes":""},"categories":[10,1515],"tags":[],"class_list":["post-38461","post","type-post","status-publish","format-video","has-post-thumbnail","hentry","category-cnc-noticias-tulua","category-cnc-tulua","post_format-post-format-video"],"_links":{"self":[{"href":"https:\/\/cnctulua.tv\/index.php?rest_route=\/wp\/v2\/posts\/38461","targetHints":{"allow":["GET"]}}],"collection":[{"href":"https:\/\/cnctulua.tv\/index.php?rest_route=\/wp\/v2\/posts"}],"about":[{"href":"https:\/\/cnctulua.tv\/index.php?rest_route=\/wp\/v2\/types\/post"}],"author":[{"embeddable":true,"href":"https:\/\/cnctulua.tv\/index.php?rest_route=\/wp\/v2\/users\/3"}],"replies":[{"embeddable":true,"href":"https:\/\/cnctulua.tv\/index.php?rest_route=%2Fwp%2Fv2%2Fcomments&post=38461"}],"version-history":[{"count":1,"href":"https:\/\/cnctulua.tv\/index.php?rest_route=\/wp\/v2\/posts\/38461\/revisions"}],"predecessor-version":[{"id":38494,"href":"https:\/\/cnctulua.tv\/index.php?rest_route=\/wp\/v2\/posts\/38461\/revisions\/38494"}],"wp:featuredmedia":[{"embeddable":true,"href":"https:\/\/cnctulua.tv\/index.php?rest_route=\/wp\/v2\/media\/38493"}],"wp:attachment":[{"href":"https:\/\/cnctulua.tv\/index.php?rest_route=%2Fwp%2Fv2%2Fmedia&parent=38461"}],"wp:term":[{"taxonomy":"category","embeddable":true,"href":"https:\/\/cnctulua.tv\/index.php?rest_route=%2Fwp%2Fv2%2Fcategories&post=38461"},{"taxonomy":"post_tag","embeddable":true,"href":"https:\/\/cnctulua.tv\/index.php?rest_route=%2Fwp%2Fv2%2Ftags&post=38461"}],"curies":[{"name":"wp","href":"https:\/\/api.w.org\/{rel}","templated":true}]}}