{"id":38502,"date":"2025-10-21T19:39:44","date_gmt":"2025-10-21T19:39:44","guid":{"rendered":"https:\/\/cnctulua.tv\/?p=38502"},"modified":"2025-10-22T16:09:59","modified_gmt":"2025-10-22T16:09:59","slug":"abierta-la-convocatoria-para-integrar-el-consejo-departamental-de-cafes-especiales-del-valle-del-cauca","status":"publish","type":"post","link":"https:\/\/cnctulua.tv\/?p=38502","title":{"rendered":"Abierta la convocatoria para integrar el Consejo Departamental de Caf\u00e9s Especiales del Valle del Cauca."},"content":{"rendered":"\n<p>La Gobernaci\u00f3n del Valle del Cauca abri\u00f3 oficialmente la convocatoria p\u00fablica para conformar el Consejo Departamental de Caf\u00e9s Especiales, instancia consultiva y asesora que busca articular acciones en favor del desarrollo sostenible del sector cafetero regional.<\/p>\n\n\n\n<figure class=\"wp-block-embed is-type-video is-provider-youtube wp-block-embed-youtube wp-embed-aspect-16-9 wp-has-aspect-ratio\"><div class=\"wp-block-embed__wrapper\">\nhttps:\/\/youtu.be\/jVn56qbDohQ\n<\/div><\/figure>\n\n\n\n<p>La invitaci\u00f3n est\u00e1 dirigida a productores, asociaciones, cooperativas, catadores, comercializadores y exportadores de caf\u00e9s especiales, quienes podr\u00e1n postularse hasta el 18 de noviembre de 2025.<\/p>\n\n\n\n<p>\u201cEste Consejo impulsar\u00e1 el desarrollo econ\u00f3mico y sostenible del sector. En el sitio web de la Gobernaci\u00f3n encontrar\u00e1n la informaci\u00f3n completa y los t\u00e9rminos de referencia\u201d, se\u00f1al\u00f3 \u00c1ngela Reyes, secretaria de Desarrollo Rural, Agricultura y Pesca del Valle.<\/p>\n\n\n\n<p>Los interesados pueden acceder a la convocatoria en el enlace oficial \ud83d\udc49<\/p>\n\n\n\n<p>\ud83d\udd17 https:\/\/www.valledelcauca.gov.co\/agricultura\/publicaciones\/87458\/convocatoria-publica-de-creacion-del-consejo-departamental-de-cafes-especiales-del-valle-del-cauca\/<\/p>\n\n\n\n<p>Esta iniciativa se alinea con las pol\u00edticas p\u00fablicas de la Gobernaci\u00f3n del Valle del Cauca para promover la competitividad, la sostenibilidad ambiental, la inclusi\u00f3n social y el crecimiento econ\u00f3mico del departamento.<\/p>\n","protected":false},"excerpt":{"rendered":"<p>La Gobernaci\u00f3n del Valle del Cauca abri\u00f3 oficialmente la convocatoria p\u00fablica para conformar el Consejo Departamental de Caf\u00e9s Especiales, instancia consultiva y asesora que busca articular acciones en favor del desarrollo sostenible del sector cafetero regional. La invitaci\u00f3n est\u00e1 dirigida a productores, asociaciones, cooperativas, catadores, comercializadores y exportadores de caf\u00e9s especiales, quienes podr\u00e1n postularse hasta [&hellip;]<\/p>\n","protected":false},"author":3,"featured_media":38504,"comment_status":"open","ping_status":"open","sticky":false,"template":"","format":"video","meta":{"footnotes":""},"categories":[1],"tags":[],"class_list":["post-38502","post","type-post","status-publish","format-video","has-post-thumbnail","hentry","category-uncategorized","post_format-post-format-video"],"_links":{"self":[{"href":"https:\/\/cnctulua.tv\/index.php?rest_route=\/wp\/v2\/posts\/38502","targetHints":{"allow":["GET"]}}],"collection":[{"href":"https:\/\/cnctulua.tv\/index.php?rest_route=\/wp\/v2\/posts"}],"about":[{"href":"https:\/\/cnctulua.tv\/index.php?rest_route=\/wp\/v2\/types\/post"}],"author":[{"embeddable":true,"href":"https:\/\/cnctulua.tv\/index.php?rest_route=\/wp\/v2\/users\/3"}],"replies":[{"embeddable":true,"href":"https:\/\/cnctulua.tv\/index.php?rest_route=%2Fwp%2Fv2%2Fcomments&post=38502"}],"version-history":[{"count":4,"href":"https:\/\/cnctulua.tv\/index.php?rest_route=\/wp\/v2\/posts\/38502\/revisions"}],"predecessor-version":[{"id":38529,"href":"https:\/\/cnctulua.tv\/index.php?rest_route=\/wp\/v2\/posts\/38502\/revisions\/38529"}],"wp:featuredmedia":[{"embeddable":true,"href":"https:\/\/cnctulua.tv\/index.php?rest_route=\/wp\/v2\/media\/38504"}],"wp:attachment":[{"href":"https:\/\/cnctulua.tv\/index.php?rest_route=%2Fwp%2Fv2%2Fmedia&parent=38502"}],"wp:term":[{"taxonomy":"category","embeddable":true,"href":"https:\/\/cnctulua.tv\/index.php?rest_route=%2Fwp%2Fv2%2Fcategories&post=38502"},{"taxonomy":"post_tag","embeddable":true,"href":"https:\/\/cnctulua.tv\/index.php?rest_route=%2Fwp%2Fv2%2Ftags&post=38502"}],"curies":[{"name":"wp","href":"https:\/\/api.w.org\/{rel}","templated":true}]}}