{"id":38583,"date":"2025-10-23T19:01:02","date_gmt":"2025-10-23T19:01:02","guid":{"rendered":"https:\/\/cnctulua.tv\/?p=38583"},"modified":"2025-10-23T19:01:02","modified_gmt":"2025-10-23T19:01:02","slug":"valle-del-cauca-socializo-la-campana-no-mas-misoginia-en-estudio-internacional-sobre-legislacion-discriminatoria","status":"publish","type":"post","link":"https:\/\/cnctulua.tv\/?p=38583","title":{"rendered":"Valle del Cauca socializ\u00f3 la campa\u00f1a \u2018No m\u00e1s Misoginia\u2019 en estudio internacional sobre legislaci\u00f3n discriminatoria"},"content":{"rendered":"\n<p>La Gobernaci\u00f3n del Valle del Cauca fue invitada al lanzamiento del estudio \u201cAcciones legislativas para transformar la vida de las mujeres: an\u00e1lisis de legislaci\u00f3n discriminatoria en Colombia\u201d, realizado por ONU Mujeres, la Agencia Sueca de Cooperaci\u00f3n Internacional para el Desarrollo y la Embajada de Suecia, en articulaci\u00f3n con la Defensor\u00eda del Pueblo y el Congreso de la Rep\u00fablica.<\/p>\n\n\n\n<figure class=\"wp-block-embed is-type-video is-provider-youtube wp-block-embed-youtube wp-embed-aspect-16-9 wp-has-aspect-ratio\"><div class=\"wp-block-embed__wrapper\">\n<iframe loading=\"lazy\" title=\"\ud83c\udfa5 Valle del Cauca presente en el estudio internacional de ONU Mujeres. \ud83d\udc9c\" width=\"640\" height=\"360\" src=\"https:\/\/www.youtube.com\/embed\/V_tAqjtV-dQ?feature=oembed\" frameborder=\"0\" allow=\"accelerometer; autoplay; clipboard-write; encrypted-media; gyroscope; picture-in-picture; web-share\" referrerpolicy=\"strict-origin-when-cross-origin\" allowfullscreen><\/iframe>\n<\/div><\/figure>\n\n\n\n<p>Durante el encuentro, la secretaria General, Liza Rodr\u00edguez, socializ\u00f3 los avances de la campa\u00f1a \u2018No m\u00e1s Misoginia\u2019, una estrategia que se ha consolidado como referente nacional en la defensa de los derechos de las mujeres.<\/p>\n\n\n\n<p>\u201cEstuvimos en el Congreso de la Rep\u00fablica, donde se legisla a favor de las mujeres colombianas, socializando nuestra campa\u00f1a y mostrando lo que significa para las mujeres vallecaucanas hacer parte de una iniciativa que dignifica y empodera\u201d, afirm\u00f3 la funcionaria.<\/p>\n\n\n\n<p>Con esta participaci\u00f3n, el Gobierno departamental busca inspirar a otras regiones a sumarse a la lucha contra la misoginia y promover la implementaci\u00f3n de la Ley 2453, que fortalece la igualdad de oportunidades en el \u00e1mbito pol\u00edtico.<\/p>\n\n\n\n<p>El evento cont\u00f3 con la presencia de congresistas, magistradas, representantes de organizaciones sociales y acad\u00e9micas, quienes analizaron los retos y avances del pa\u00eds en la construcci\u00f3n de una sociedad m\u00e1s equitativa.<\/p>\n","protected":false},"excerpt":{"rendered":"<p>La Gobernaci\u00f3n del Valle del Cauca fue invitada al lanzamiento del estudio \u201cAcciones legislativas para transformar la vida de las mujeres: an\u00e1lisis de legislaci\u00f3n discriminatoria en Colombia\u201d, realizado por ONU Mujeres, la Agencia Sueca de Cooperaci\u00f3n Internacional para el Desarrollo y la Embajada de Suecia, en articulaci\u00f3n con la Defensor\u00eda del Pueblo y el Congreso [&hellip;]<\/p>\n","protected":false},"author":3,"featured_media":38617,"comment_status":"open","ping_status":"open","sticky":false,"template":"","format":"video","meta":{"footnotes":""},"categories":[1],"tags":[],"class_list":["post-38583","post","type-post","status-publish","format-video","has-post-thumbnail","hentry","category-uncategorized","post_format-post-format-video"],"_links":{"self":[{"href":"https:\/\/cnctulua.tv\/index.php?rest_route=\/wp\/v2\/posts\/38583","targetHints":{"allow":["GET"]}}],"collection":[{"href":"https:\/\/cnctulua.tv\/index.php?rest_route=\/wp\/v2\/posts"}],"about":[{"href":"https:\/\/cnctulua.tv\/index.php?rest_route=\/wp\/v2\/types\/post"}],"author":[{"embeddable":true,"href":"https:\/\/cnctulua.tv\/index.php?rest_route=\/wp\/v2\/users\/3"}],"replies":[{"embeddable":true,"href":"https:\/\/cnctulua.tv\/index.php?rest_route=%2Fwp%2Fv2%2Fcomments&post=38583"}],"version-history":[{"count":1,"href":"https:\/\/cnctulua.tv\/index.php?rest_route=\/wp\/v2\/posts\/38583\/revisions"}],"predecessor-version":[{"id":38623,"href":"https:\/\/cnctulua.tv\/index.php?rest_route=\/wp\/v2\/posts\/38583\/revisions\/38623"}],"wp:featuredmedia":[{"embeddable":true,"href":"https:\/\/cnctulua.tv\/index.php?rest_route=\/wp\/v2\/media\/38617"}],"wp:attachment":[{"href":"https:\/\/cnctulua.tv\/index.php?rest_route=%2Fwp%2Fv2%2Fmedia&parent=38583"}],"wp:term":[{"taxonomy":"category","embeddable":true,"href":"https:\/\/cnctulua.tv\/index.php?rest_route=%2Fwp%2Fv2%2Fcategories&post=38583"},{"taxonomy":"post_tag","embeddable":true,"href":"https:\/\/cnctulua.tv\/index.php?rest_route=%2Fwp%2Fv2%2Ftags&post=38583"}],"curies":[{"name":"wp","href":"https:\/\/api.w.org\/{rel}","templated":true}]}}