{"id":38624,"date":"2025-10-27T16:03:23","date_gmt":"2025-10-27T16:03:23","guid":{"rendered":"https:\/\/cnctulua.tv\/?p=38624"},"modified":"2025-10-27T16:03:23","modified_gmt":"2025-10-27T16:03:23","slug":"capturado-alias-gramo-cerebro-del-atentado-terrorista-en-la-escuela-militar-de-aviacion-en-cali","status":"publish","type":"post","link":"https:\/\/cnctulua.tv\/?p=38624","title":{"rendered":"Capturado alias \u201cGramo\u201d, cerebro del atentado terrorista en la Escuela Militar de Aviaci\u00f3n en Cali."},"content":{"rendered":"\n<p>En un contundente operativo de inteligencia, la Polic\u00eda Nacional captur\u00f3 a alias \u201cGramo\u201d, se\u00f1alado como el principal articulador del atentado terrorista ocurrido el pasado 21 de agosto frente a la Escuela Militar de Aviaci\u00f3n Marco Fidel Su\u00e1rez, en Cali, donde murieron siete personas y 78 resultaron heridas.<\/p>\n\n\n\n<p><\/p>\n\n\n\n<figure class=\"wp-block-embed is-type-video is-provider-youtube wp-block-embed-youtube wp-embed-aspect-16-9 wp-has-aspect-ratio\"><div class=\"wp-block-embed__wrapper\">\n<iframe loading=\"lazy\" title=\"Capturado alias \u201cGramo\u201d, responsable del atentado terrorista frente a la Escuela Militar en Cali. \u2696\ufe0f\" width=\"640\" height=\"360\" src=\"https:\/\/www.youtube.com\/embed\/PvxJtK36PQ4?feature=oembed\" frameborder=\"0\" allow=\"accelerometer; autoplay; clipboard-write; encrypted-media; gyroscope; picture-in-picture; web-share\" referrerpolicy=\"strict-origin-when-cross-origin\" allowfullscreen><\/iframe>\n<\/div><\/figure>\n\n\n\n<p>El procedimiento se efectu\u00f3 en la vereda Barcino, en Mistrat\u00f3 (Risaralda), donde el hombre intentaba ocultarse trabajando como ayudante de construcci\u00f3n, luego de un intento fallido por ingresar a Espa\u00f1a.<\/p>\n\n\n\n<p>Las autoridades establecieron que alias \u201cGramo\u201d coordinaba las redes urbanas de apoyo a grupos residuales desde hace cuatro a\u00f1os, y era el enlace directo de alias \u201cPablito\u201d, cabecilla de la columna Ricardo Vel\u00e1squez del frente Jaime Mart\u00ednez.<\/p>\n\n\n\n<p>Durante el atentado, habr\u00eda coordinado con alias \u201cSebasti\u00e1n\u201d y \u201cEl Mono\u201d la movilizaci\u00f3n de veh\u00edculos desde Corinto (Cauca), seleccionando personalmente el punto del ataque y los medios de escape.<\/p>\n\n\n\n<p>El capturado fue presentado ante la Fiscal\u00eda General de la Naci\u00f3n, que le imput\u00f3 cargos por homicidio en persona protegida, terrorismo, concierto para delinquir y porte ilegal de armas de uso restringido.<\/p>\n\n\n\n<p>La Polic\u00eda Metropolitana de Cali, bajo el mando del Brigadier General Henry Yesid Bello Cubides, destac\u00f3 la colaboraci\u00f3n ciudadana y el an\u00e1lisis de m\u00e1s de 4.200 horas de video como claves para su localizaci\u00f3n.<\/p>\n\n\n\n<p>La instituci\u00f3n reiter\u00f3 su compromiso con la seguridad y llam\u00f3 a la comunidad a denunciar cualquier actividad sospechosa en las l\u00edneas 123, 156 o 3213945156.<\/p>\n","protected":false},"excerpt":{"rendered":"<p>En un contundente operativo de inteligencia, la Polic\u00eda Nacional captur\u00f3 a alias \u201cGramo\u201d, se\u00f1alado como el principal articulador del atentado terrorista ocurrido el pasado 21 de agosto frente a la Escuela Militar de Aviaci\u00f3n Marco Fidel Su\u00e1rez, en Cali, donde murieron siete personas y 78 resultaron heridas. El procedimiento se efectu\u00f3 en la vereda Barcino, [&hellip;]<\/p>\n","protected":false},"author":3,"featured_media":38642,"comment_status":"open","ping_status":"open","sticky":false,"template":"","format":"video","meta":{"footnotes":""},"categories":[10,1515],"tags":[],"class_list":["post-38624","post","type-post","status-publish","format-video","has-post-thumbnail","hentry","category-cnc-noticias-tulua","category-cnc-tulua","post_format-post-format-video"],"_links":{"self":[{"href":"https:\/\/cnctulua.tv\/index.php?rest_route=\/wp\/v2\/posts\/38624","targetHints":{"allow":["GET"]}}],"collection":[{"href":"https:\/\/cnctulua.tv\/index.php?rest_route=\/wp\/v2\/posts"}],"about":[{"href":"https:\/\/cnctulua.tv\/index.php?rest_route=\/wp\/v2\/types\/post"}],"author":[{"embeddable":true,"href":"https:\/\/cnctulua.tv\/index.php?rest_route=\/wp\/v2\/users\/3"}],"replies":[{"embeddable":true,"href":"https:\/\/cnctulua.tv\/index.php?rest_route=%2Fwp%2Fv2%2Fcomments&post=38624"}],"version-history":[{"count":1,"href":"https:\/\/cnctulua.tv\/index.php?rest_route=\/wp\/v2\/posts\/38624\/revisions"}],"predecessor-version":[{"id":38644,"href":"https:\/\/cnctulua.tv\/index.php?rest_route=\/wp\/v2\/posts\/38624\/revisions\/38644"}],"wp:featuredmedia":[{"embeddable":true,"href":"https:\/\/cnctulua.tv\/index.php?rest_route=\/wp\/v2\/media\/38642"}],"wp:attachment":[{"href":"https:\/\/cnctulua.tv\/index.php?rest_route=%2Fwp%2Fv2%2Fmedia&parent=38624"}],"wp:term":[{"taxonomy":"category","embeddable":true,"href":"https:\/\/cnctulua.tv\/index.php?rest_route=%2Fwp%2Fv2%2Fcategories&post=38624"},{"taxonomy":"post_tag","embeddable":true,"href":"https:\/\/cnctulua.tv\/index.php?rest_route=%2Fwp%2Fv2%2Ftags&post=38624"}],"curies":[{"name":"wp","href":"https:\/\/api.w.org\/{rel}","templated":true}]}}