{"id":38626,"date":"2025-10-27T16:31:54","date_gmt":"2025-10-27T16:31:54","guid":{"rendered":"https:\/\/cnctulua.tv\/?p=38626"},"modified":"2025-10-27T16:31:54","modified_gmt":"2025-10-27T16:31:54","slug":"capturado-alias-benito-presunto-coordinador-del-grupo-criminal-la-inmaculada-en-tulua","status":"publish","type":"post","link":"https:\/\/cnctulua.tv\/?p=38626","title":{"rendered":"Capturado alias \u201cBenito\u201d, presunto coordinador del grupo criminal \u201cLa Inmaculada\u201d en Tulu\u00e1."},"content":{"rendered":"\n<p>La Polic\u00eda Nacional de Colombia, a trav\u00e9s del GAULA del Departamento de Polic\u00eda Valle, logr\u00f3 en zona urbana del municipio de Tulu\u00e1 la captura por orden judicial de alias \u201cBenito\u201d, presunto coordinador del Grupo Delincuencial Com\u00fan Organizado \u201cLa Inmaculada\u201d, dedicado a la extorsi\u00f3n en el centro del Valle del Cauca.<\/p>\n\n\n\n<figure class=\"wp-block-embed is-type-video is-provider-youtube wp-block-embed-youtube wp-embed-aspect-16-9 wp-has-aspect-ratio\"><div class=\"wp-block-embed__wrapper\">\n<iframe loading=\"lazy\" title=\"\ud83d\ude94 Capturado alias \u201cBenito\u201d, presunto cabecilla del grupo criminal \u201cLa Inmaculada\u201d en Tulu\u00e1. \u2696\ufe0f\" width=\"640\" height=\"360\" src=\"https:\/\/www.youtube.com\/embed\/Wygnm-29IpU?feature=oembed\" frameborder=\"0\" allow=\"accelerometer; autoplay; clipboard-write; encrypted-media; gyroscope; picture-in-picture; web-share\" referrerpolicy=\"strict-origin-when-cross-origin\" allowfullscreen><\/iframe>\n<\/div><\/figure>\n\n\n\n<p>Seg\u00fan las investigaciones, alias \u201cBenito\u201d fung\u00eda como coordinador y perfilador de v\u00edctimas con alto poder adquisitivo, a quienes exig\u00eda sumas que alcanzaban los $100 millones, utilizando m\u00e9todos de intimidaci\u00f3n y amenazas con armas de fuego.<\/p>\n\n\n\n<p>Las autoridades establecieron que el detenido operaba bajo las \u00f3rdenes de alias \u201cPipe Tulu\u00e1\u201d, cabecilla principal de la organizaci\u00f3n, actualmente detenido, dedicada adem\u00e1s al tr\u00e1fico de estupefacientes y otras actividades ilegales.<\/p>\n\n\n\n<p>El capturado fue puesto a disposici\u00f3n de la Fiscal\u00eda General de la Naci\u00f3n, que avanza con el proceso judicial correspondiente.<\/p>\n\n\n\n<p>La Polic\u00eda Nacional reiter\u00f3 su compromiso en la lucha frontal contra la extorsi\u00f3n y record\u00f3 a la ciudadan\u00eda que puede denunciar de manera an\u00f3nima a trav\u00e9s de la l\u00ednea gratuita 165 del GAULA, en el marco de la campa\u00f1a \u201cYo no pago, yo denuncio\u201d.<\/p>\n","protected":false},"excerpt":{"rendered":"<p>La Polic\u00eda Nacional de Colombia, a trav\u00e9s del GAULA del Departamento de Polic\u00eda Valle, logr\u00f3 en zona urbana del municipio de Tulu\u00e1 la captura por orden judicial de alias \u201cBenito\u201d, presunto coordinador del Grupo Delincuencial Com\u00fan Organizado \u201cLa Inmaculada\u201d, dedicado a la extorsi\u00f3n en el centro del Valle del Cauca. Seg\u00fan las investigaciones, alias \u201cBenito\u201d [&hellip;]<\/p>\n","protected":false},"author":3,"featured_media":38646,"comment_status":"open","ping_status":"open","sticky":false,"template":"","format":"video","meta":{"footnotes":""},"categories":[10,1515],"tags":[],"class_list":["post-38626","post","type-post","status-publish","format-video","has-post-thumbnail","hentry","category-cnc-noticias-tulua","category-cnc-tulua","post_format-post-format-video"],"_links":{"self":[{"href":"https:\/\/cnctulua.tv\/index.php?rest_route=\/wp\/v2\/posts\/38626","targetHints":{"allow":["GET"]}}],"collection":[{"href":"https:\/\/cnctulua.tv\/index.php?rest_route=\/wp\/v2\/posts"}],"about":[{"href":"https:\/\/cnctulua.tv\/index.php?rest_route=\/wp\/v2\/types\/post"}],"author":[{"embeddable":true,"href":"https:\/\/cnctulua.tv\/index.php?rest_route=\/wp\/v2\/users\/3"}],"replies":[{"embeddable":true,"href":"https:\/\/cnctulua.tv\/index.php?rest_route=%2Fwp%2Fv2%2Fcomments&post=38626"}],"version-history":[{"count":1,"href":"https:\/\/cnctulua.tv\/index.php?rest_route=\/wp\/v2\/posts\/38626\/revisions"}],"predecessor-version":[{"id":38647,"href":"https:\/\/cnctulua.tv\/index.php?rest_route=\/wp\/v2\/posts\/38626\/revisions\/38647"}],"wp:featuredmedia":[{"embeddable":true,"href":"https:\/\/cnctulua.tv\/index.php?rest_route=\/wp\/v2\/media\/38646"}],"wp:attachment":[{"href":"https:\/\/cnctulua.tv\/index.php?rest_route=%2Fwp%2Fv2%2Fmedia&parent=38626"}],"wp:term":[{"taxonomy":"category","embeddable":true,"href":"https:\/\/cnctulua.tv\/index.php?rest_route=%2Fwp%2Fv2%2Fcategories&post=38626"},{"taxonomy":"post_tag","embeddable":true,"href":"https:\/\/cnctulua.tv\/index.php?rest_route=%2Fwp%2Fv2%2Ftags&post=38626"}],"curies":[{"name":"wp","href":"https:\/\/api.w.org\/{rel}","templated":true}]}}