{"id":38636,"date":"2025-10-27T18:03:11","date_gmt":"2025-10-27T18:03:11","guid":{"rendered":"https:\/\/cnctulua.tv\/?p=38636"},"modified":"2025-10-27T18:03:11","modified_gmt":"2025-10-27T18:03:11","slug":"efrain-cepeda-presento-su-proyecto-politico-en-tulua-y-respaldo-candidaturas-conservadoras","status":"publish","type":"post","link":"https:\/\/cnctulua.tv\/?p=38636","title":{"rendered":"Efra\u00edn Cepeda present\u00f3 su proyecto pol\u00edtico en Tulu\u00e1 y respald\u00f3 candidaturas conservadoras."},"content":{"rendered":"\n<p>El expresidente del Congreso de la Rep\u00fablica y actual senador Efra\u00edn Cepeda visit\u00f3 el municipio de Tulu\u00e1, donde sostuvo un encuentro con medios de comunicaci\u00f3n locales para presentar su proyecto pol\u00edtico con miras a la Presidencia de la Rep\u00fablica.<\/p>\n\n\n\n<figure class=\"wp-block-embed is-type-video is-provider-youtube wp-block-embed-youtube wp-embed-aspect-16-9 wp-has-aspect-ratio\"><div class=\"wp-block-embed__wrapper\">\n<iframe loading=\"lazy\" title=\"\ud83c\udfa5 Efra\u00edn Cepeda visit\u00f3 Tulu\u00e1 y habl\u00f3 de su proyecto presidencial.\" width=\"640\" height=\"360\" src=\"https:\/\/www.youtube.com\/embed\/w1c7NJJSuwg?feature=oembed\" frameborder=\"0\" allow=\"accelerometer; autoplay; clipboard-write; encrypted-media; gyroscope; picture-in-picture; web-share\" referrerpolicy=\"strict-origin-when-cross-origin\" allowfullscreen><\/iframe>\n<\/div><\/figure>\n\n\n\n<p>Durante su intervenci\u00f3n, Cepeda afirm\u00f3 que Colombia requiere un cambio sustentado en liderazgo, experiencia y visi\u00f3n de pa\u00eds, valores que \u2014seg\u00fan expres\u00f3\u2014 representa el Partido Conservador.<\/p>\n\n\n\n<p>El dirigente pol\u00edtico aprovech\u00f3 su visita para respaldar las candidaturas de Juan Camilo V\u00e9lez al Senado y Cristian Hern\u00e1ndez a la C\u00e1mara de Representantes, se\u00f1alando que \u201cTulu\u00e1 necesita voces en el escenario nacional que trabajen con compromiso por la regi\u00f3n y sus comunidades\u201d.<\/p>\n\n\n\n<p>Cepeda finaliz\u00f3 su intervenci\u00f3n con un llamado a la unidad del conservatismo en torno a un proyecto pol\u00edtico que fortalezca las instituciones y devuelva la confianza en la pol\u00edtica.<\/p>\n","protected":false},"excerpt":{"rendered":"<p>El expresidente del Congreso de la Rep\u00fablica y actual senador Efra\u00edn Cepeda visit\u00f3 el municipio de Tulu\u00e1, donde sostuvo un encuentro con medios de comunicaci\u00f3n locales para presentar su proyecto pol\u00edtico con miras a la Presidencia de la Rep\u00fablica. Durante su intervenci\u00f3n, Cepeda afirm\u00f3 que Colombia requiere un cambio sustentado en liderazgo, experiencia y visi\u00f3n [&hellip;]<\/p>\n","protected":false},"author":3,"featured_media":38659,"comment_status":"open","ping_status":"open","sticky":false,"template":"","format":"video","meta":{"footnotes":""},"categories":[10,1515],"tags":[],"class_list":["post-38636","post","type-post","status-publish","format-video","has-post-thumbnail","hentry","category-cnc-noticias-tulua","category-cnc-tulua","post_format-post-format-video"],"_links":{"self":[{"href":"https:\/\/cnctulua.tv\/index.php?rest_route=\/wp\/v2\/posts\/38636","targetHints":{"allow":["GET"]}}],"collection":[{"href":"https:\/\/cnctulua.tv\/index.php?rest_route=\/wp\/v2\/posts"}],"about":[{"href":"https:\/\/cnctulua.tv\/index.php?rest_route=\/wp\/v2\/types\/post"}],"author":[{"embeddable":true,"href":"https:\/\/cnctulua.tv\/index.php?rest_route=\/wp\/v2\/users\/3"}],"replies":[{"embeddable":true,"href":"https:\/\/cnctulua.tv\/index.php?rest_route=%2Fwp%2Fv2%2Fcomments&post=38636"}],"version-history":[{"count":1,"href":"https:\/\/cnctulua.tv\/index.php?rest_route=\/wp\/v2\/posts\/38636\/revisions"}],"predecessor-version":[{"id":38662,"href":"https:\/\/cnctulua.tv\/index.php?rest_route=\/wp\/v2\/posts\/38636\/revisions\/38662"}],"wp:featuredmedia":[{"embeddable":true,"href":"https:\/\/cnctulua.tv\/index.php?rest_route=\/wp\/v2\/media\/38659"}],"wp:attachment":[{"href":"https:\/\/cnctulua.tv\/index.php?rest_route=%2Fwp%2Fv2%2Fmedia&parent=38636"}],"wp:term":[{"taxonomy":"category","embeddable":true,"href":"https:\/\/cnctulua.tv\/index.php?rest_route=%2Fwp%2Fv2%2Fcategories&post=38636"},{"taxonomy":"post_tag","embeddable":true,"href":"https:\/\/cnctulua.tv\/index.php?rest_route=%2Fwp%2Fv2%2Ftags&post=38636"}],"curies":[{"name":"wp","href":"https:\/\/api.w.org\/{rel}","templated":true}]}}