{"id":38638,"date":"2025-10-27T18:33:32","date_gmt":"2025-10-27T18:33:32","guid":{"rendered":"https:\/\/cnctulua.tv\/?p=38638"},"modified":"2025-10-27T18:33:32","modified_gmt":"2025-10-27T18:33:32","slug":"juan-esteban-ospina-se-destaca-en-la-fase-departamental-de-los-intercolegiados","status":"publish","type":"post","link":"https:\/\/cnctulua.tv\/?p=38638","title":{"rendered":"Juan Esteban Ospina se destaca en la fase departamental de los Intercolegiados."},"content":{"rendered":"\n<p>El joven deportista Juan Esteban Ospina C\u00e1ceres, de 16 a\u00f1os y estudiante del Gimnasio del Pac\u00edfico, particip\u00f3 en la fase departamental de los Juegos Intercolegiados, donde junto a su equipo logr\u00f3 la clasificaci\u00f3n a la etapa final.<\/p>\n\n\n\n<figure class=\"wp-block-embed is-type-video is-provider-youtube wp-block-embed-youtube wp-embed-aspect-16-9 wp-has-aspect-ratio\"><div class=\"wp-block-embed__wrapper\">\n<iframe loading=\"lazy\" title=\"\ud83c\udfc6\ud83d\udcaa Juan Esteban Ospina C\u00e1ceres clasifica a la final de los Juegos Intercolegiados.\" width=\"640\" height=\"360\" src=\"https:\/\/www.youtube.com\/embed\/RpTMqls3_Iw?feature=oembed\" frameborder=\"0\" allow=\"accelerometer; autoplay; clipboard-write; encrypted-media; gyroscope; picture-in-picture; web-share\" referrerpolicy=\"strict-origin-when-cross-origin\" allowfullscreen><\/iframe>\n<\/div><\/figure>\n\n\n\n<p>Durante la competencia, enfrentaron a representantes de municipios como Zarzal, Cali y Palmira, destacando el alto nivel de los rivales y el rendimiento del conjunto vallecaucano.<\/p>\n\n\n\n<figure class=\"wp-block-image size-full\"><img loading=\"lazy\" decoding=\"async\" width=\"980\" height=\"474\" src=\"https:\/\/cnctulua.tv\/wp-content\/uploads\/2025\/10\/juan-1.png\" alt=\"\" class=\"wp-image-38665\" srcset=\"https:\/\/cnctulua.tv\/wp-content\/uploads\/2025\/10\/juan-1.png 980w, https:\/\/cnctulua.tv\/wp-content\/uploads\/2025\/10\/juan-1-300x145.png 300w, https:\/\/cnctulua.tv\/wp-content\/uploads\/2025\/10\/juan-1-768x371.png 768w\" sizes=\"auto, (max-width: 980px) 100vw, 980px\" \/><\/figure>\n\n\n\n<p>\u201cNos sentimos muy bien con el resultado. Este a\u00f1o Valle tiene todo para ganar la fase nacional. Hemos entrenado fuerte y todos hemos mejorado bastante\u201d, se\u00f1al\u00f3 el joven atleta.<\/p>\n\n\n\n<p>El grupo contin\u00faa su preparaci\u00f3n con dobles jornadas, combinando trabajo f\u00edsico y t\u00e9cnico con miras a dejar en alto el nombre del Valle del Cauca en la fase nacional.<\/p>\n","protected":false},"excerpt":{"rendered":"<p>El joven deportista Juan Esteban Ospina C\u00e1ceres, de 16 a\u00f1os y estudiante del Gimnasio del Pac\u00edfico, particip\u00f3 en la fase departamental de los Juegos Intercolegiados, donde junto a su equipo logr\u00f3 la clasificaci\u00f3n a la etapa final. Durante la competencia, enfrentaron a representantes de municipios como Zarzal, Cali y Palmira, destacando el alto nivel de [&hellip;]<\/p>\n","protected":false},"author":3,"featured_media":38664,"comment_status":"open","ping_status":"open","sticky":false,"template":"","format":"video","meta":{"footnotes":""},"categories":[10,1515],"tags":[],"class_list":["post-38638","post","type-post","status-publish","format-video","has-post-thumbnail","hentry","category-cnc-noticias-tulua","category-cnc-tulua","post_format-post-format-video"],"_links":{"self":[{"href":"https:\/\/cnctulua.tv\/index.php?rest_route=\/wp\/v2\/posts\/38638","targetHints":{"allow":["GET"]}}],"collection":[{"href":"https:\/\/cnctulua.tv\/index.php?rest_route=\/wp\/v2\/posts"}],"about":[{"href":"https:\/\/cnctulua.tv\/index.php?rest_route=\/wp\/v2\/types\/post"}],"author":[{"embeddable":true,"href":"https:\/\/cnctulua.tv\/index.php?rest_route=\/wp\/v2\/users\/3"}],"replies":[{"embeddable":true,"href":"https:\/\/cnctulua.tv\/index.php?rest_route=%2Fwp%2Fv2%2Fcomments&post=38638"}],"version-history":[{"count":1,"href":"https:\/\/cnctulua.tv\/index.php?rest_route=\/wp\/v2\/posts\/38638\/revisions"}],"predecessor-version":[{"id":38669,"href":"https:\/\/cnctulua.tv\/index.php?rest_route=\/wp\/v2\/posts\/38638\/revisions\/38669"}],"wp:featuredmedia":[{"embeddable":true,"href":"https:\/\/cnctulua.tv\/index.php?rest_route=\/wp\/v2\/media\/38664"}],"wp:attachment":[{"href":"https:\/\/cnctulua.tv\/index.php?rest_route=%2Fwp%2Fv2%2Fmedia&parent=38638"}],"wp:term":[{"taxonomy":"category","embeddable":true,"href":"https:\/\/cnctulua.tv\/index.php?rest_route=%2Fwp%2Fv2%2Fcategories&post=38638"},{"taxonomy":"post_tag","embeddable":true,"href":"https:\/\/cnctulua.tv\/index.php?rest_route=%2Fwp%2Fv2%2Ftags&post=38638"}],"curies":[{"name":"wp","href":"https:\/\/api.w.org\/{rel}","templated":true}]}}