{"id":38639,"date":"2025-10-27T18:33:38","date_gmt":"2025-10-27T18:33:38","guid":{"rendered":"https:\/\/cnctulua.tv\/?p=38639"},"modified":"2025-10-27T18:33:38","modified_gmt":"2025-10-27T18:33:38","slug":"angie-calderon-lidera-al-equipo-de-balonmano-hacia-la-fase-nacional-de-los-intercolegiados","status":"publish","type":"post","link":"https:\/\/cnctulua.tv\/?p=38639","title":{"rendered":"Angie Calder\u00f3n lidera al equipo de balonmano hacia la fase nacional de los Intercolegiados."},"content":{"rendered":"\n<p>El equipo femenino de balonmano que representa al Valle del Cauca clasific\u00f3 a la fase nacional de los Juegos Intercolegiados tras superar con \u00e9xito las etapas municipal y departamental.<\/p>\n\n\n\n<figure class=\"wp-block-embed is-type-video is-provider-youtube wp-block-embed-youtube wp-embed-aspect-16-9 wp-has-aspect-ratio\"><div class=\"wp-block-embed__wrapper\">\n<iframe loading=\"lazy\" title=\"\ud83c\udfd0 \u00a1 Angie Sof\u00eda Calder\u00f3n, con toda a los Juegos Nacionales! \ud83d\udcaa\" width=\"640\" height=\"360\" src=\"https:\/\/www.youtube.com\/embed\/CxezSLUR82c?feature=oembed\" frameborder=\"0\" allow=\"accelerometer; autoplay; clipboard-write; encrypted-media; gyroscope; picture-in-picture; web-share\" referrerpolicy=\"strict-origin-when-cross-origin\" allowfullscreen><\/iframe>\n<\/div><\/figure>\n\n\n\n<p>Una de sus integrantes, Angie Sof\u00eda Calder\u00f3n, destac\u00f3 que el grupo ha mejorado considerablemente desde la edici\u00f3n anterior.<\/p>\n\n\n\n<p>\u201cEl a\u00f1o pasado llev\u00e1bamos poco tiempo de entrenamiento, pero ahora tenemos m\u00e1s de un a\u00f1o y medio de trabajo constante. Nos sentimos listas para competir y confiamos en ganar la fase nacional\u201d, expres\u00f3 la deportista.<\/p>\n\n\n\n<p>Actualmente, el conjunto entrena diariamente bajo un estricto plan f\u00edsico y t\u00e1ctico, con miras a llegar en las mejores condiciones a la competencia.<\/p>\n","protected":false},"excerpt":{"rendered":"<p>El equipo femenino de balonmano que representa al Valle del Cauca clasific\u00f3 a la fase nacional de los Juegos Intercolegiados tras superar con \u00e9xito las etapas municipal y departamental. Una de sus integrantes, Angie Sof\u00eda Calder\u00f3n, destac\u00f3 que el grupo ha mejorado considerablemente desde la edici\u00f3n anterior. \u201cEl a\u00f1o pasado llev\u00e1bamos poco tiempo de entrenamiento, [&hellip;]<\/p>\n","protected":false},"author":3,"featured_media":38668,"comment_status":"open","ping_status":"open","sticky":false,"template":"","format":"video","meta":{"footnotes":""},"categories":[10,1515],"tags":[],"class_list":["post-38639","post","type-post","status-publish","format-video","has-post-thumbnail","hentry","category-cnc-noticias-tulua","category-cnc-tulua","post_format-post-format-video"],"_links":{"self":[{"href":"https:\/\/cnctulua.tv\/index.php?rest_route=\/wp\/v2\/posts\/38639","targetHints":{"allow":["GET"]}}],"collection":[{"href":"https:\/\/cnctulua.tv\/index.php?rest_route=\/wp\/v2\/posts"}],"about":[{"href":"https:\/\/cnctulua.tv\/index.php?rest_route=\/wp\/v2\/types\/post"}],"author":[{"embeddable":true,"href":"https:\/\/cnctulua.tv\/index.php?rest_route=\/wp\/v2\/users\/3"}],"replies":[{"embeddable":true,"href":"https:\/\/cnctulua.tv\/index.php?rest_route=%2Fwp%2Fv2%2Fcomments&post=38639"}],"version-history":[{"count":1,"href":"https:\/\/cnctulua.tv\/index.php?rest_route=\/wp\/v2\/posts\/38639\/revisions"}],"predecessor-version":[{"id":38670,"href":"https:\/\/cnctulua.tv\/index.php?rest_route=\/wp\/v2\/posts\/38639\/revisions\/38670"}],"wp:featuredmedia":[{"embeddable":true,"href":"https:\/\/cnctulua.tv\/index.php?rest_route=\/wp\/v2\/media\/38668"}],"wp:attachment":[{"href":"https:\/\/cnctulua.tv\/index.php?rest_route=%2Fwp%2Fv2%2Fmedia&parent=38639"}],"wp:term":[{"taxonomy":"category","embeddable":true,"href":"https:\/\/cnctulua.tv\/index.php?rest_route=%2Fwp%2Fv2%2Fcategories&post=38639"},{"taxonomy":"post_tag","embeddable":true,"href":"https:\/\/cnctulua.tv\/index.php?rest_route=%2Fwp%2Fv2%2Ftags&post=38639"}],"curies":[{"name":"wp","href":"https:\/\/api.w.org\/{rel}","templated":true}]}}