{"id":38681,"date":"2025-10-28T14:06:07","date_gmt":"2025-10-28T14:06:07","guid":{"rendered":"https:\/\/cnctulua.tv\/?p=38681"},"modified":"2025-10-28T14:06:07","modified_gmt":"2025-10-28T14:06:07","slug":"la-gobernadora-del-valle-pide-priorizar-a-campesinos-locales-en-entrega-de-tierras","status":"publish","type":"post","link":"https:\/\/cnctulua.tv\/?p=38681","title":{"rendered":"La Gobernadora del Valle pide priorizar a campesinos locales en entrega de tierras."},"content":{"rendered":"\n<p>La gobernadora del Valle del Cauca, Dilian Francisca Toro, solicit\u00f3 al Gobierno nacional y a la Agencia Nacional de Tierras (ANT) que las entregas de predios de la Sociedad de Activos Especiales (SAE) se realicen primero a campesinos, ind\u00edgenas y comunidades afrodescendientes del departamento.<\/p>\n\n\n\n<figure class=\"wp-block-embed is-type-video is-provider-youtube wp-block-embed-youtube wp-embed-aspect-16-9 wp-has-aspect-ratio\"><div class=\"wp-block-embed__wrapper\">\n<iframe loading=\"lazy\" title=\"\ud83d\udce2 Conflictos y bloqueos surgen por adjudicaciones fuera del departamento. \u2696\ufe0f\ud83c\udf31\" width=\"640\" height=\"360\" src=\"https:\/\/www.youtube.com\/embed\/6CLIfMlNWI0?feature=oembed\" frameborder=\"0\" allow=\"accelerometer; autoplay; clipboard-write; encrypted-media; gyroscope; picture-in-picture; web-share\" referrerpolicy=\"strict-origin-when-cross-origin\" allowfullscreen><\/iframe>\n<\/div><\/figure>\n\n\n\n<p>Seg\u00fan la mandataria, la falta de coordinaci\u00f3n institucional ha generado bloqueos de v\u00edas y dificultades de seguridad, mientras familias de municipios como Zarzal, San Pedro, El Cerrito, Palmira y Ginebra esperan acceso a tierras que, en algunos casos, han sido adjudicadas a comunidades del Cauca.<\/p>\n\n\n\n<p>Toro insisti\u00f3 en la necesidad de garantizar un proceso ordenado y equitativo, acompa\u00f1ado de proyectos productivos que aseguren el desarrollo de los beneficiarios del Valle del Cauca.<\/p>\n","protected":false},"excerpt":{"rendered":"<p>La gobernadora del Valle del Cauca, Dilian Francisca Toro, solicit\u00f3 al Gobierno nacional y a la Agencia Nacional de Tierras (ANT) que las entregas de predios de la Sociedad de Activos Especiales (SAE) se realicen primero a campesinos, ind\u00edgenas y comunidades afrodescendientes del departamento. Seg\u00fan la mandataria, la falta de coordinaci\u00f3n institucional ha generado bloqueos [&hellip;]<\/p>\n","protected":false},"author":3,"featured_media":38691,"comment_status":"open","ping_status":"open","sticky":false,"template":"","format":"video","meta":{"footnotes":""},"categories":[10,1515],"tags":[],"class_list":["post-38681","post","type-post","status-publish","format-video","has-post-thumbnail","hentry","category-cnc-noticias-tulua","category-cnc-tulua","post_format-post-format-video"],"_links":{"self":[{"href":"https:\/\/cnctulua.tv\/index.php?rest_route=\/wp\/v2\/posts\/38681","targetHints":{"allow":["GET"]}}],"collection":[{"href":"https:\/\/cnctulua.tv\/index.php?rest_route=\/wp\/v2\/posts"}],"about":[{"href":"https:\/\/cnctulua.tv\/index.php?rest_route=\/wp\/v2\/types\/post"}],"author":[{"embeddable":true,"href":"https:\/\/cnctulua.tv\/index.php?rest_route=\/wp\/v2\/users\/3"}],"replies":[{"embeddable":true,"href":"https:\/\/cnctulua.tv\/index.php?rest_route=%2Fwp%2Fv2%2Fcomments&post=38681"}],"version-history":[{"count":1,"href":"https:\/\/cnctulua.tv\/index.php?rest_route=\/wp\/v2\/posts\/38681\/revisions"}],"predecessor-version":[{"id":38692,"href":"https:\/\/cnctulua.tv\/index.php?rest_route=\/wp\/v2\/posts\/38681\/revisions\/38692"}],"wp:featuredmedia":[{"embeddable":true,"href":"https:\/\/cnctulua.tv\/index.php?rest_route=\/wp\/v2\/media\/38691"}],"wp:attachment":[{"href":"https:\/\/cnctulua.tv\/index.php?rest_route=%2Fwp%2Fv2%2Fmedia&parent=38681"}],"wp:term":[{"taxonomy":"category","embeddable":true,"href":"https:\/\/cnctulua.tv\/index.php?rest_route=%2Fwp%2Fv2%2Fcategories&post=38681"},{"taxonomy":"post_tag","embeddable":true,"href":"https:\/\/cnctulua.tv\/index.php?rest_route=%2Fwp%2Fv2%2Ftags&post=38681"}],"curies":[{"name":"wp","href":"https:\/\/api.w.org\/{rel}","templated":true}]}}