{"id":38682,"date":"2025-10-28T15:48:12","date_gmt":"2025-10-28T15:48:12","guid":{"rendered":"https:\/\/cnctulua.tv\/?p=38682"},"modified":"2025-10-28T15:48:12","modified_gmt":"2025-10-28T15:48:12","slug":"valle-del-cauca-espera-decision-sobre-cofinanciacion-del-tren-de-cercanias","status":"publish","type":"post","link":"https:\/\/cnctulua.tv\/?p=38682","title":{"rendered":"Valle del Cauca espera decisi\u00f3n sobre cofinanciaci\u00f3n del Tren de Cercan\u00edas."},"content":{"rendered":"\n<p>A pocos d\u00edas de la entrada en vigencia de la Ley de Garant\u00edas, el Gobierno Nacional a\u00fan no ha confirmado el acuerdo de cofinanciaci\u00f3n para el Tren de Cercan\u00edas del Valle del Cauca, proyecto que busca transformar la movilidad en el \u00e1rea metropolitana de Cali.<\/p>\n\n\n\n<figure class=\"wp-block-embed is-type-video is-provider-youtube wp-block-embed-youtube wp-embed-aspect-16-9 wp-has-aspect-ratio\"><div class=\"wp-block-embed__wrapper\">\n<iframe loading=\"lazy\" title=\"\ud83d\ude84 El Valle sigue en cuenta regresiva por el Tren de Cercan\u00edas.\" width=\"640\" height=\"360\" src=\"https:\/\/www.youtube.com\/embed\/3rOGDe22kK4?feature=oembed\" frameborder=\"0\" allow=\"accelerometer; autoplay; clipboard-write; encrypted-media; gyroscope; picture-in-picture; web-share\" referrerpolicy=\"strict-origin-when-cross-origin\" allowfullscreen><\/iframe>\n<\/div><\/figure>\n\n\n\n<p>La gobernadora Dilian Francisca Toro reiter\u00f3 su solicitud al Ejecutivo para que el departamento reciba la misma participaci\u00f3n financiera otorgada a otras regiones. El proyecto contempla inicialmente el tramo Cali\u2013Jamund\u00ed, con proyecci\u00f3n hacia Palmira y Yumbo.<\/p>\n\n\n\n<p>Seg\u00fan Mar\u00eda Fernanda Santa, directora ejecutiva de la C\u00e1mara Colombiana de la Infraestructura\u2013Occidente, este proyecto no solo representa un avance en transporte, sino una oportunidad de desarrollo econ\u00f3mico y social.<\/p>\n\n\n\n<p>De no concretarse el acuerdo antes del 8 de noviembre, la iniciativa podr\u00eda quedar suspendida por m\u00e1s de dos a\u00f1os, lo que obligar\u00eda a reiniciar los procesos t\u00e9cnicos y administrativos.<\/p>\n\n\n\n<p>El Tren de Cercan\u00edas es una apuesta por la conectividad regional que cuenta con el respaldo de los gobiernos locales, gremios y comunidades del Valle del Cauca.<\/p>\n","protected":false},"excerpt":{"rendered":"<p>A pocos d\u00edas de la entrada en vigencia de la Ley de Garant\u00edas, el Gobierno Nacional a\u00fan no ha confirmado el acuerdo de cofinanciaci\u00f3n para el Tren de Cercan\u00edas del Valle del Cauca, proyecto que busca transformar la movilidad en el \u00e1rea metropolitana de Cali. La gobernadora Dilian Francisca Toro reiter\u00f3 su solicitud al Ejecutivo [&hellip;]<\/p>\n","protected":false},"author":3,"featured_media":38715,"comment_status":"open","ping_status":"open","sticky":false,"template":"","format":"video","meta":{"footnotes":""},"categories":[10,1515],"tags":[],"class_list":["post-38682","post","type-post","status-publish","format-video","has-post-thumbnail","hentry","category-cnc-noticias-tulua","category-cnc-tulua","post_format-post-format-video"],"_links":{"self":[{"href":"https:\/\/cnctulua.tv\/index.php?rest_route=\/wp\/v2\/posts\/38682","targetHints":{"allow":["GET"]}}],"collection":[{"href":"https:\/\/cnctulua.tv\/index.php?rest_route=\/wp\/v2\/posts"}],"about":[{"href":"https:\/\/cnctulua.tv\/index.php?rest_route=\/wp\/v2\/types\/post"}],"author":[{"embeddable":true,"href":"https:\/\/cnctulua.tv\/index.php?rest_route=\/wp\/v2\/users\/3"}],"replies":[{"embeddable":true,"href":"https:\/\/cnctulua.tv\/index.php?rest_route=%2Fwp%2Fv2%2Fcomments&post=38682"}],"version-history":[{"count":1,"href":"https:\/\/cnctulua.tv\/index.php?rest_route=\/wp\/v2\/posts\/38682\/revisions"}],"predecessor-version":[{"id":38724,"href":"https:\/\/cnctulua.tv\/index.php?rest_route=\/wp\/v2\/posts\/38682\/revisions\/38724"}],"wp:featuredmedia":[{"embeddable":true,"href":"https:\/\/cnctulua.tv\/index.php?rest_route=\/wp\/v2\/media\/38715"}],"wp:attachment":[{"href":"https:\/\/cnctulua.tv\/index.php?rest_route=%2Fwp%2Fv2%2Fmedia&parent=38682"}],"wp:term":[{"taxonomy":"category","embeddable":true,"href":"https:\/\/cnctulua.tv\/index.php?rest_route=%2Fwp%2Fv2%2Fcategories&post=38682"},{"taxonomy":"post_tag","embeddable":true,"href":"https:\/\/cnctulua.tv\/index.php?rest_route=%2Fwp%2Fv2%2Ftags&post=38682"}],"curies":[{"name":"wp","href":"https:\/\/api.w.org\/{rel}","templated":true}]}}