{"id":38685,"date":"2025-10-28T14:06:34","date_gmt":"2025-10-28T14:06:34","guid":{"rendered":"https:\/\/cnctulua.tv\/?p=38685"},"modified":"2025-10-28T14:06:34","modified_gmt":"2025-10-28T14:06:34","slug":"la-armada-de-colombia-rescata-a-dos-personas-secuestradas-en-docordo","status":"publish","type":"post","link":"https:\/\/cnctulua.tv\/?p=38685","title":{"rendered":"La Armada de Colombia rescata a dos personas secuestradas en Docord\u00f3."},"content":{"rendered":"\n<p>En el municipio de Docord\u00f3, Choc\u00f3, la Armada de Colombia rescat\u00f3 a dos personas que habr\u00edan sido retenidas en contra de su voluntad por presuntos integrantes del ELN. Durante un operativo fluvial en el r\u00edo San Juan, los uniformados identificaron una embarcaci\u00f3n con cinco ocupantes que se desplazaba de forma sospechosa.<\/p>\n\n\n\n<figure class=\"wp-block-embed is-type-video is-provider-youtube wp-block-embed-youtube wp-embed-aspect-16-9 wp-has-aspect-ratio\"><div class=\"wp-block-embed__wrapper\">\n<iframe loading=\"lazy\" title=\"\u2693 Docord\u00f3: Armada Nacional, rescata a dos personas de presunto secuestro. \u2693\" width=\"640\" height=\"360\" src=\"https:\/\/www.youtube.com\/embed\/jGCexBzvIsg?feature=oembed\" frameborder=\"0\" allow=\"accelerometer; autoplay; clipboard-write; encrypted-media; gyroscope; picture-in-picture; web-share\" referrerpolicy=\"strict-origin-when-cross-origin\" allowfullscreen><\/iframe>\n<\/div><\/figure>\n\n\n\n<p>Tres de ellos huyeron al notar la presencia militar, mientras que las dos v\u00edctimas solicitaron ayuda. En el lugar se encontraron seis cartuchos calibre 38. Las personas rescatadas fueron acompa\u00f1adas por el personal militar y el inspector de Polic\u00eda de Docord\u00f3 para presentar la denuncia correspondiente ante la Fiscal\u00eda. <\/p>\n\n\n\n<p>Posteriormente, fueron trasladadas junto con tres familiares para garantizar su seguridad.<\/p>\n\n\n\n<p>La Armada reafirm\u00f3 su compromiso con la seguridad y el bienestar de los habitantes del Pac\u00edfico colombiano e invit\u00f3 a denunciar cualquier actividad delictiva a la l\u00ednea gratuita 147.<\/p>\n","protected":false},"excerpt":{"rendered":"<p>En el municipio de Docord\u00f3, Choc\u00f3, la Armada de Colombia rescat\u00f3 a dos personas que habr\u00edan sido retenidas en contra de su voluntad por presuntos integrantes del ELN. Durante un operativo fluvial en el r\u00edo San Juan, los uniformados identificaron una embarcaci\u00f3n con cinco ocupantes que se desplazaba de forma sospechosa. Tres de ellos huyeron [&hellip;]<\/p>\n","protected":false},"author":3,"featured_media":38693,"comment_status":"open","ping_status":"open","sticky":false,"template":"","format":"video","meta":{"footnotes":""},"categories":[1],"tags":[],"class_list":["post-38685","post","type-post","status-publish","format-video","has-post-thumbnail","hentry","category-uncategorized","post_format-post-format-video"],"_links":{"self":[{"href":"https:\/\/cnctulua.tv\/index.php?rest_route=\/wp\/v2\/posts\/38685","targetHints":{"allow":["GET"]}}],"collection":[{"href":"https:\/\/cnctulua.tv\/index.php?rest_route=\/wp\/v2\/posts"}],"about":[{"href":"https:\/\/cnctulua.tv\/index.php?rest_route=\/wp\/v2\/types\/post"}],"author":[{"embeddable":true,"href":"https:\/\/cnctulua.tv\/index.php?rest_route=\/wp\/v2\/users\/3"}],"replies":[{"embeddable":true,"href":"https:\/\/cnctulua.tv\/index.php?rest_route=%2Fwp%2Fv2%2Fcomments&post=38685"}],"version-history":[{"count":1,"href":"https:\/\/cnctulua.tv\/index.php?rest_route=\/wp\/v2\/posts\/38685\/revisions"}],"predecessor-version":[{"id":38694,"href":"https:\/\/cnctulua.tv\/index.php?rest_route=\/wp\/v2\/posts\/38685\/revisions\/38694"}],"wp:featuredmedia":[{"embeddable":true,"href":"https:\/\/cnctulua.tv\/index.php?rest_route=\/wp\/v2\/media\/38693"}],"wp:attachment":[{"href":"https:\/\/cnctulua.tv\/index.php?rest_route=%2Fwp%2Fv2%2Fmedia&parent=38685"}],"wp:term":[{"taxonomy":"category","embeddable":true,"href":"https:\/\/cnctulua.tv\/index.php?rest_route=%2Fwp%2Fv2%2Fcategories&post=38685"},{"taxonomy":"post_tag","embeddable":true,"href":"https:\/\/cnctulua.tv\/index.php?rest_route=%2Fwp%2Fv2%2Ftags&post=38685"}],"curies":[{"name":"wp","href":"https:\/\/api.w.org\/{rel}","templated":true}]}}