{"id":38696,"date":"2025-10-28T16:38:56","date_gmt":"2025-10-28T16:38:56","guid":{"rendered":"https:\/\/cnctulua.tv\/?p=38696"},"modified":"2025-10-28T16:38:56","modified_gmt":"2025-10-28T16:38:56","slug":"mundo-de-la-fantasia-2025-mas-de-10-000-asistentes-en-tulua","status":"publish","type":"post","link":"https:\/\/cnctulua.tv\/?p=38696","title":{"rendered":"Mundo de la Fantas\u00eda 2025: M\u00e1s de 10.000 asistentes en Tulu\u00e1."},"content":{"rendered":"\n<p>El Coliseo de Ferias Manuel Victoria Rojas fue el escenario del Mundo de la Fantas\u00eda 2025, un evento que reuni\u00f3 a m\u00e1s de 10.000 tulue\u00f1os y sus familias en una jornada dedicada a la recreaci\u00f3n, la cultura y la diversi\u00f3n.<\/p>\n\n\n\n<figure class=\"wp-block-embed is-type-video is-provider-youtube wp-block-embed-youtube wp-embed-aspect-16-9 wp-has-aspect-ratio\"><div class=\"wp-block-embed__wrapper\">\n<iframe loading=\"lazy\" title=\"\ud83c\udf89 M\u00e1s de 10.000 sonrisas en Tulu\u00e1 con el Mundo de la Fantas\u00eda 2025.\" width=\"640\" height=\"360\" src=\"https:\/\/www.youtube.com\/embed\/PgxF3HiAiAw?feature=oembed\" frameborder=\"0\" allow=\"accelerometer; autoplay; clipboard-write; encrypted-media; gyroscope; picture-in-picture; web-share\" referrerpolicy=\"strict-origin-when-cross-origin\" allowfullscreen><\/iframe>\n<\/div><\/figure>\n\n\n\n<p>Cuentos tradicionales, actividades l\u00fadicas, rifas y presentaciones musicales hicieron parte de la programaci\u00f3n, dise\u00f1ada para generar momentos de alegr\u00eda y fortalecer la uni\u00f3n familiar. La Alcald\u00eda de Tulu\u00e1 lider\u00f3 la organizaci\u00f3n del evento, con apoyo de funcionarios y aliados, quienes se encargaron de dinamizar cada actividad y garantizar la participaci\u00f3n de la comunidad.<\/p>\n\n\n\n<p>El alcalde Gustavo V\u00e9lez Rom\u00e1n destac\u00f3 que estas iniciativas contribuyen a crear espacios de integraci\u00f3n y recreaci\u00f3n para los ni\u00f1os y ni\u00f1as del municipio.<\/p>\n","protected":false},"excerpt":{"rendered":"<p>El Coliseo de Ferias Manuel Victoria Rojas fue el escenario del Mundo de la Fantas\u00eda 2025, un evento que reuni\u00f3 a m\u00e1s de 10.000 tulue\u00f1os y sus familias en una jornada dedicada a la recreaci\u00f3n, la cultura y la diversi\u00f3n. Cuentos tradicionales, actividades l\u00fadicas, rifas y presentaciones musicales hicieron parte de la programaci\u00f3n, dise\u00f1ada para [&hellip;]<\/p>\n","protected":false},"author":3,"featured_media":38717,"comment_status":"open","ping_status":"open","sticky":false,"template":"","format":"video","meta":{"footnotes":""},"categories":[10,1515],"tags":[],"class_list":["post-38696","post","type-post","status-publish","format-video","has-post-thumbnail","hentry","category-cnc-noticias-tulua","category-cnc-tulua","post_format-post-format-video"],"_links":{"self":[{"href":"https:\/\/cnctulua.tv\/index.php?rest_route=\/wp\/v2\/posts\/38696","targetHints":{"allow":["GET"]}}],"collection":[{"href":"https:\/\/cnctulua.tv\/index.php?rest_route=\/wp\/v2\/posts"}],"about":[{"href":"https:\/\/cnctulua.tv\/index.php?rest_route=\/wp\/v2\/types\/post"}],"author":[{"embeddable":true,"href":"https:\/\/cnctulua.tv\/index.php?rest_route=\/wp\/v2\/users\/3"}],"replies":[{"embeddable":true,"href":"https:\/\/cnctulua.tv\/index.php?rest_route=%2Fwp%2Fv2%2Fcomments&post=38696"}],"version-history":[{"count":1,"href":"https:\/\/cnctulua.tv\/index.php?rest_route=\/wp\/v2\/posts\/38696\/revisions"}],"predecessor-version":[{"id":38737,"href":"https:\/\/cnctulua.tv\/index.php?rest_route=\/wp\/v2\/posts\/38696\/revisions\/38737"}],"wp:featuredmedia":[{"embeddable":true,"href":"https:\/\/cnctulua.tv\/index.php?rest_route=\/wp\/v2\/media\/38717"}],"wp:attachment":[{"href":"https:\/\/cnctulua.tv\/index.php?rest_route=%2Fwp%2Fv2%2Fmedia&parent=38696"}],"wp:term":[{"taxonomy":"category","embeddable":true,"href":"https:\/\/cnctulua.tv\/index.php?rest_route=%2Fwp%2Fv2%2Fcategories&post=38696"},{"taxonomy":"post_tag","embeddable":true,"href":"https:\/\/cnctulua.tv\/index.php?rest_route=%2Fwp%2Fv2%2Ftags&post=38696"}],"curies":[{"name":"wp","href":"https:\/\/api.w.org\/{rel}","templated":true}]}}