{"id":38699,"date":"2025-10-28T16:02:24","date_gmt":"2025-10-28T16:02:24","guid":{"rendered":"https:\/\/cnctulua.tv\/?p=38699"},"modified":"2025-10-28T16:02:24","modified_gmt":"2025-10-28T16:02:24","slug":"valle-del-cauca-gana-el-reto-nacional-por-la-educacion-2025-de-colombia-lider","status":"publish","type":"post","link":"https:\/\/cnctulua.tv\/?p=38699","title":{"rendered":"Valle del Cauca gana el Reto Nacional por la Educaci\u00f3n 2025 de Colombia L\u00edder."},"content":{"rendered":"\n<p>El Valle del Cauca fue reconocido con el Reto Nacional por la Educaci\u00f3n 2025 de Colombia L\u00edder en la categor\u00eda Departamentos, gracias a sus avances en calidad educativa, innovaci\u00f3n y cobertura rural.<\/p>\n\n\n\n<figure class=\"wp-block-embed is-type-video is-provider-youtube wp-block-embed-youtube wp-embed-aspect-16-9 wp-has-aspect-ratio\"><div class=\"wp-block-embed__wrapper\">\nhttps:\/\/youtu.be\/3B7gzsVuQnM\n<\/div><\/figure>\n\n\n\n<p>El departamento se destac\u00f3 junto a Antioquia y Caldas por los resultados obtenidos a trav\u00e9s de programas como las Asociaciones de Futuros Agricultores (AFA), los Planes Institucionales de Lectura, Escritura y Oralidad (PILEO) y la implementaci\u00f3n del modelo educativo STEAM.<\/p>\n\n\n\n<p>La subsecretaria de Calidad Educativa, Ana Milena Ortiz, se\u00f1al\u00f3 que estas iniciativas reflejan una apuesta integral por fortalecer las competencias de los estudiantes y acercarlos a la ciencia, la tecnolog\u00eda y el emprendimiento.<\/p>\n\n\n\n<p>El reconocimiento ser\u00e1 entregado oficialmente el pr\u00f3ximo 10 de diciembre a la gobernadora Dilian Francisca Toro.<\/p>\n\n\n\n<p>Con este premio, el Valle del Cauca reafirma su compromiso con una educaci\u00f3n transformadora que impulsa el desarrollo social y econ\u00f3mico en todo el territorio.<\/p>\n","protected":false},"excerpt":{"rendered":"<p>El Valle del Cauca fue reconocido con el Reto Nacional por la Educaci\u00f3n 2025 de Colombia L\u00edder en la categor\u00eda Departamentos, gracias a sus avances en calidad educativa, innovaci\u00f3n y cobertura rural. El departamento se destac\u00f3 junto a Antioquia y Caldas por los resultados obtenidos a trav\u00e9s de programas como las Asociaciones de Futuros Agricultores [&hellip;]<\/p>\n","protected":false},"author":3,"featured_media":38713,"comment_status":"open","ping_status":"open","sticky":false,"template":"","format":"video","meta":{"footnotes":""},"categories":[10,1515],"tags":[],"class_list":["post-38699","post","type-post","status-publish","format-video","has-post-thumbnail","hentry","category-cnc-noticias-tulua","category-cnc-tulua","post_format-post-format-video"],"_links":{"self":[{"href":"https:\/\/cnctulua.tv\/index.php?rest_route=\/wp\/v2\/posts\/38699","targetHints":{"allow":["GET"]}}],"collection":[{"href":"https:\/\/cnctulua.tv\/index.php?rest_route=\/wp\/v2\/posts"}],"about":[{"href":"https:\/\/cnctulua.tv\/index.php?rest_route=\/wp\/v2\/types\/post"}],"author":[{"embeddable":true,"href":"https:\/\/cnctulua.tv\/index.php?rest_route=\/wp\/v2\/users\/3"}],"replies":[{"embeddable":true,"href":"https:\/\/cnctulua.tv\/index.php?rest_route=%2Fwp%2Fv2%2Fcomments&post=38699"}],"version-history":[{"count":1,"href":"https:\/\/cnctulua.tv\/index.php?rest_route=\/wp\/v2\/posts\/38699\/revisions"}],"predecessor-version":[{"id":38726,"href":"https:\/\/cnctulua.tv\/index.php?rest_route=\/wp\/v2\/posts\/38699\/revisions\/38726"}],"wp:featuredmedia":[{"embeddable":true,"href":"https:\/\/cnctulua.tv\/index.php?rest_route=\/wp\/v2\/media\/38713"}],"wp:attachment":[{"href":"https:\/\/cnctulua.tv\/index.php?rest_route=%2Fwp%2Fv2%2Fmedia&parent=38699"}],"wp:term":[{"taxonomy":"category","embeddable":true,"href":"https:\/\/cnctulua.tv\/index.php?rest_route=%2Fwp%2Fv2%2Fcategories&post=38699"},{"taxonomy":"post_tag","embeddable":true,"href":"https:\/\/cnctulua.tv\/index.php?rest_route=%2Fwp%2Fv2%2Ftags&post=38699"}],"curies":[{"name":"wp","href":"https:\/\/api.w.org\/{rel}","templated":true}]}}