{"id":38700,"date":"2025-10-28T16:58:21","date_gmt":"2025-10-28T16:58:21","guid":{"rendered":"https:\/\/cnctulua.tv\/?p=38700"},"modified":"2025-10-28T16:58:21","modified_gmt":"2025-10-28T16:58:21","slug":"ninos-y-familias-disfrutaron-de-un-dia-magico-en-el-mundo-de-la-fantasia-2025","status":"publish","type":"post","link":"https:\/\/cnctulua.tv\/?p=38700","title":{"rendered":"Ni\u00f1os y familias disfrutaron de un d\u00eda m\u00e1gico en el Mundo de la Fantas\u00eda 2025."},"content":{"rendered":"\n<p>Entre colores, juegos y sonrisas, los m\u00e1s peque\u00f1os compartieron una jornada llena de alegr\u00eda en el Coliseo de Ferias Manuel Victoria Rojas.<\/p>\n\n\n\n<figure class=\"wp-block-embed is-type-video is-provider-youtube wp-block-embed-youtube wp-embed-aspect-16-9 wp-has-aspect-ratio\"><div class=\"wp-block-embed__wrapper\">\nhttps:\/\/youtu.be\/wg52Ej0nSa0\n<\/div><\/figure>\n\n\n\n<p>El Mundo de la Fantas\u00eda 2025 se convirti\u00f3 en el escenario perfecto para que miles de familias tulue\u00f1as vivieran un d\u00eda lleno de diversi\u00f3n, m\u00fasica y color. Los ni\u00f1os, vestidos de sus personajes favoritos, participaron en actividades recreativas y culturales organizadas por la Alcald\u00eda de Tulu\u00e1 y la Secretar\u00eda de Cultura. Luz Adiela, una madre proveniente de Maracaibo, destac\u00f3 la importancia de estos espacios:<\/p>\n\n\n\n<p>\u201cExcelente todo, muy lindo. Mi hija vino de princesa y disfrut\u00f3 much\u00edsimo. Se necesitan estos espacios para los ni\u00f1os, sobre todo en fechas como Halloween\u201d.<\/p>\n\n\n\n<p>Por su parte, Sara P\u00e9rez, de 7 a\u00f1os, expres\u00f3 su alegr\u00eda:<\/p>\n\n\n\n<p>\u201cVi muchos disfraces, juegos y trampolines. Vine con mi mam\u00e1 y mis primas. Me gustaron todos los juegos y la pas\u00e9 muy bien\u201d.<\/p>\n\n\n\n<p>El evento reafirma el compromiso de la Administraci\u00f3n Municipal con el bienestar de la ni\u00f1ez tulue\u00f1a y el fortalecimiento de los lazos familiares a trav\u00e9s de la recreaci\u00f3n.<\/p>\n","protected":false},"excerpt":{"rendered":"<p>Entre colores, juegos y sonrisas, los m\u00e1s peque\u00f1os compartieron una jornada llena de alegr\u00eda en el Coliseo de Ferias Manuel Victoria Rojas. El Mundo de la Fantas\u00eda 2025 se convirti\u00f3 en el escenario perfecto para que miles de familias tulue\u00f1as vivieran un d\u00eda lleno de diversi\u00f3n, m\u00fasica y color. Los ni\u00f1os, vestidos de sus personajes [&hellip;]<\/p>\n","protected":false},"author":3,"featured_media":38718,"comment_status":"open","ping_status":"open","sticky":false,"template":"","format":"video","meta":{"footnotes":""},"categories":[10,1515],"tags":[],"class_list":["post-38700","post","type-post","status-publish","format-video","has-post-thumbnail","hentry","category-cnc-noticias-tulua","category-cnc-tulua","post_format-post-format-video"],"_links":{"self":[{"href":"https:\/\/cnctulua.tv\/index.php?rest_route=\/wp\/v2\/posts\/38700","targetHints":{"allow":["GET"]}}],"collection":[{"href":"https:\/\/cnctulua.tv\/index.php?rest_route=\/wp\/v2\/posts"}],"about":[{"href":"https:\/\/cnctulua.tv\/index.php?rest_route=\/wp\/v2\/types\/post"}],"author":[{"embeddable":true,"href":"https:\/\/cnctulua.tv\/index.php?rest_route=\/wp\/v2\/users\/3"}],"replies":[{"embeddable":true,"href":"https:\/\/cnctulua.tv\/index.php?rest_route=%2Fwp%2Fv2%2Fcomments&post=38700"}],"version-history":[{"count":1,"href":"https:\/\/cnctulua.tv\/index.php?rest_route=\/wp\/v2\/posts\/38700\/revisions"}],"predecessor-version":[{"id":38738,"href":"https:\/\/cnctulua.tv\/index.php?rest_route=\/wp\/v2\/posts\/38700\/revisions\/38738"}],"wp:featuredmedia":[{"embeddable":true,"href":"https:\/\/cnctulua.tv\/index.php?rest_route=\/wp\/v2\/media\/38718"}],"wp:attachment":[{"href":"https:\/\/cnctulua.tv\/index.php?rest_route=%2Fwp%2Fv2%2Fmedia&parent=38700"}],"wp:term":[{"taxonomy":"category","embeddable":true,"href":"https:\/\/cnctulua.tv\/index.php?rest_route=%2Fwp%2Fv2%2Fcategories&post=38700"},{"taxonomy":"post_tag","embeddable":true,"href":"https:\/\/cnctulua.tv\/index.php?rest_route=%2Fwp%2Fv2%2Ftags&post=38700"}],"curies":[{"name":"wp","href":"https:\/\/api.w.org\/{rel}","templated":true}]}}