{"id":38701,"date":"2025-10-28T16:58:29","date_gmt":"2025-10-28T16:58:29","guid":{"rendered":"https:\/\/cnctulua.tv\/?p=38701"},"modified":"2025-10-28T16:58:29","modified_gmt":"2025-10-28T16:58:29","slug":"valle-del-cauca-participara-en-la-cop30-en-brasil","status":"publish","type":"post","link":"https:\/\/cnctulua.tv\/?p=38701","title":{"rendered":"Valle del Cauca participar\u00e1 en la COP30 en Brasil."},"content":{"rendered":"\n<p>La Gobernaci\u00f3n del Valle del Cauca representar\u00e1 a la regi\u00f3n en la COP30, Conferencia de las Partes sobre Cambio Clim\u00e1tico, que se llevar\u00e1 a cabo del 10 al 21 de noviembre en Bel\u00e9m do Par\u00e1, Brasil.<\/p>\n\n\n\n<figure class=\"wp-block-embed is-type-video is-provider-youtube wp-block-embed-youtube wp-embed-aspect-16-9 wp-has-aspect-ratio\"><div class=\"wp-block-embed__wrapper\">\n<iframe loading=\"lazy\" title=\"\ud83c\udf0d\u2728 \u00a1El Valle del Cauca estar\u00e1 presente en la #COP30 Brasil!\" width=\"640\" height=\"360\" src=\"https:\/\/www.youtube.com\/embed\/HALh7yc2IlU?feature=oembed\" frameborder=\"0\" allow=\"accelerometer; autoplay; clipboard-write; encrypted-media; gyroscope; picture-in-picture; web-share\" referrerpolicy=\"strict-origin-when-cross-origin\" allowfullscreen><\/iframe>\n<\/div><\/figure>\n\n\n\n<p>El departamento fue invitado tras su participaci\u00f3n en la COP16 y por su liderazgo en pol\u00edticas ambientales. Nasly Vidales, secretaria encargada de Ambiente y Desarrollo Sostenible, asistir\u00e1 como delegada oficial para exponer las estrategias implementadas por la Alianza Pac\u00edfico de Cauca, Nari\u00f1o, Choc\u00f3 y Valle del Cauca.<\/p>\n\n\n\n<p>Durante la cumbre, el Valle participar\u00e1 en la Zona Azul, espacio donde se abordar\u00e1n temas clave como mitigaci\u00f3n, adaptaci\u00f3n y resiliencia frente al cambio clim\u00e1tico.<\/p>\n\n\n\n<p>M\u00e1s de 300 mandatarios y especialistas discutir\u00e1n estrategias globales sobre transici\u00f3n energ\u00e9tica, justicia clim\u00e1tica y salud ambiental.<\/p>\n\n\n\n<p>La participaci\u00f3n del Valle del Cauca en la COP30 reafirma su compromiso con la acci\u00f3n clim\u00e1tica y su papel como referente regional en sostenibilidad y gesti\u00f3n ambiental.<\/p>\n","protected":false},"excerpt":{"rendered":"<p>La Gobernaci\u00f3n del Valle del Cauca representar\u00e1 a la regi\u00f3n en la COP30, Conferencia de las Partes sobre Cambio Clim\u00e1tico, que se llevar\u00e1 a cabo del 10 al 21 de noviembre en Bel\u00e9m do Par\u00e1, Brasil. El departamento fue invitado tras su participaci\u00f3n en la COP16 y por su liderazgo en pol\u00edticas ambientales. Nasly Vidales, [&hellip;]<\/p>\n","protected":false},"author":3,"featured_media":38712,"comment_status":"open","ping_status":"open","sticky":false,"template":"","format":"video","meta":{"footnotes":""},"categories":[10,1515],"tags":[],"class_list":["post-38701","post","type-post","status-publish","format-video","has-post-thumbnail","hentry","category-cnc-noticias-tulua","category-cnc-tulua","post_format-post-format-video"],"_links":{"self":[{"href":"https:\/\/cnctulua.tv\/index.php?rest_route=\/wp\/v2\/posts\/38701","targetHints":{"allow":["GET"]}}],"collection":[{"href":"https:\/\/cnctulua.tv\/index.php?rest_route=\/wp\/v2\/posts"}],"about":[{"href":"https:\/\/cnctulua.tv\/index.php?rest_route=\/wp\/v2\/types\/post"}],"author":[{"embeddable":true,"href":"https:\/\/cnctulua.tv\/index.php?rest_route=\/wp\/v2\/users\/3"}],"replies":[{"embeddable":true,"href":"https:\/\/cnctulua.tv\/index.php?rest_route=%2Fwp%2Fv2%2Fcomments&post=38701"}],"version-history":[{"count":1,"href":"https:\/\/cnctulua.tv\/index.php?rest_route=\/wp\/v2\/posts\/38701\/revisions"}],"predecessor-version":[{"id":38739,"href":"https:\/\/cnctulua.tv\/index.php?rest_route=\/wp\/v2\/posts\/38701\/revisions\/38739"}],"wp:featuredmedia":[{"embeddable":true,"href":"https:\/\/cnctulua.tv\/index.php?rest_route=\/wp\/v2\/media\/38712"}],"wp:attachment":[{"href":"https:\/\/cnctulua.tv\/index.php?rest_route=%2Fwp%2Fv2%2Fmedia&parent=38701"}],"wp:term":[{"taxonomy":"category","embeddable":true,"href":"https:\/\/cnctulua.tv\/index.php?rest_route=%2Fwp%2Fv2%2Fcategories&post=38701"},{"taxonomy":"post_tag","embeddable":true,"href":"https:\/\/cnctulua.tv\/index.php?rest_route=%2Fwp%2Fv2%2Ftags&post=38701"}],"curies":[{"name":"wp","href":"https:\/\/api.w.org\/{rel}","templated":true}]}}