{"id":38704,"date":"2025-10-28T16:58:56","date_gmt":"2025-10-28T16:58:56","guid":{"rendered":"https:\/\/cnctulua.tv\/?p=38704"},"modified":"2025-10-28T16:58:56","modified_gmt":"2025-10-28T16:58:56","slug":"tulua-recibe-campamento-selectivo-del-programa-talento-y-reserva-paralimpico","status":"publish","type":"post","link":"https:\/\/cnctulua.tv\/?p=38704","title":{"rendered":"Tulu\u00e1 recibe campamento selectivo del programa Talento y Reserva Paral\u00edmpico."},"content":{"rendered":"\n<p>El programa Talento y Reserva desarroll\u00f3 en Tulu\u00e1 su tercer campamento del sector paral\u00edmpico y el n\u00famero 13 del ciclo anual en el Valle del Cauca, enfocado en disciplinas como para nataci\u00f3n y para atletismo. La iniciativa busca identificar y formar a j\u00f3venes deportistas que puedan representar al departamento y al pa\u00eds en competencias nacionales e internacionales.<\/p>\n\n\n\n<figure class=\"wp-block-embed is-type-video is-provider-youtube wp-block-embed-youtube wp-embed-aspect-16-9 wp-has-aspect-ratio\"><div class=\"wp-block-embed__wrapper\">\n<iframe loading=\"lazy\" title=\"\ud83e\udd47 J\u00f3venes talentos paral\u00edmpicos se entrenan en Tulu\u00e1.\" width=\"640\" height=\"360\" src=\"https:\/\/www.youtube.com\/embed\/S5hlUdOtkP4?feature=oembed\" frameborder=\"0\" allow=\"accelerometer; autoplay; clipboard-write; encrypted-media; gyroscope; picture-in-picture; web-share\" referrerpolicy=\"strict-origin-when-cross-origin\" allowfullscreen><\/iframe>\n<\/div><\/figure>\n\n\n\n<p>Seg\u00fan Eduard Leniz, l\u00edder del programa, estos campamentos permiten conocer a los prospectos de talento, acompa\u00f1arlos en su formaci\u00f3n y garantizar un relevo generacional s\u00f3lido. <\/p>\n\n\n\n<figure class=\"wp-block-image size-large\"><img loading=\"lazy\" decoding=\"async\" width=\"1024\" height=\"498\" src=\"https:\/\/cnctulua.tv\/wp-content\/uploads\/2025\/10\/natacion-sss-1024x498.png\" alt=\"\" class=\"wp-image-38736\" srcset=\"https:\/\/cnctulua.tv\/wp-content\/uploads\/2025\/10\/natacion-sss-1024x498.png 1024w, https:\/\/cnctulua.tv\/wp-content\/uploads\/2025\/10\/natacion-sss-300x146.png 300w, https:\/\/cnctulua.tv\/wp-content\/uploads\/2025\/10\/natacion-sss-768x373.png 768w, https:\/\/cnctulua.tv\/wp-content\/uploads\/2025\/10\/natacion-sss.png 1130w\" sizes=\"auto, (max-width: 1024px) 100vw, 1024px\" \/><\/figure>\n\n\n\n<p>Adem\u00e1s, destac\u00f3 la colaboraci\u00f3n de entrenadores, padres de familia y municipios en el seguimiento de los atletas. El programa tiene como meta identificar 200 talentos durante el cuatrienio, fortaleciendo el alto rendimiento deportivo en la regi\u00f3n.<\/p>\n","protected":false},"excerpt":{"rendered":"<p>El programa Talento y Reserva desarroll\u00f3 en Tulu\u00e1 su tercer campamento del sector paral\u00edmpico y el n\u00famero 13 del ciclo anual en el Valle del Cauca, enfocado en disciplinas como para nataci\u00f3n y para atletismo. La iniciativa busca identificar y formar a j\u00f3venes deportistas que puedan representar al departamento y al pa\u00eds en competencias nacionales [&hellip;]<\/p>\n","protected":false},"author":3,"featured_media":38735,"comment_status":"open","ping_status":"open","sticky":false,"template":"","format":"video","meta":{"footnotes":""},"categories":[10,1515],"tags":[],"class_list":["post-38704","post","type-post","status-publish","format-video","has-post-thumbnail","hentry","category-cnc-noticias-tulua","category-cnc-tulua","post_format-post-format-video"],"_links":{"self":[{"href":"https:\/\/cnctulua.tv\/index.php?rest_route=\/wp\/v2\/posts\/38704","targetHints":{"allow":["GET"]}}],"collection":[{"href":"https:\/\/cnctulua.tv\/index.php?rest_route=\/wp\/v2\/posts"}],"about":[{"href":"https:\/\/cnctulua.tv\/index.php?rest_route=\/wp\/v2\/types\/post"}],"author":[{"embeddable":true,"href":"https:\/\/cnctulua.tv\/index.php?rest_route=\/wp\/v2\/users\/3"}],"replies":[{"embeddable":true,"href":"https:\/\/cnctulua.tv\/index.php?rest_route=%2Fwp%2Fv2%2Fcomments&post=38704"}],"version-history":[{"count":1,"href":"https:\/\/cnctulua.tv\/index.php?rest_route=\/wp\/v2\/posts\/38704\/revisions"}],"predecessor-version":[{"id":38741,"href":"https:\/\/cnctulua.tv\/index.php?rest_route=\/wp\/v2\/posts\/38704\/revisions\/38741"}],"wp:featuredmedia":[{"embeddable":true,"href":"https:\/\/cnctulua.tv\/index.php?rest_route=\/wp\/v2\/media\/38735"}],"wp:attachment":[{"href":"https:\/\/cnctulua.tv\/index.php?rest_route=%2Fwp%2Fv2%2Fmedia&parent=38704"}],"wp:term":[{"taxonomy":"category","embeddable":true,"href":"https:\/\/cnctulua.tv\/index.php?rest_route=%2Fwp%2Fv2%2Fcategories&post=38704"},{"taxonomy":"post_tag","embeddable":true,"href":"https:\/\/cnctulua.tv\/index.php?rest_route=%2Fwp%2Fv2%2Ftags&post=38704"}],"curies":[{"name":"wp","href":"https:\/\/api.w.org\/{rel}","templated":true}]}}