{"id":38706,"date":"2025-10-28T17:28:49","date_gmt":"2025-10-28T17:28:49","guid":{"rendered":"https:\/\/cnctulua.tv\/?p=38706"},"modified":"2025-10-28T17:28:49","modified_gmt":"2025-10-28T17:28:49","slug":"golpe-al-gao-r-jaime-martinez-en-restrepo-capturan-a-uno-de-sus-integrantes-y-decomisan-material-belico","status":"publish","type":"post","link":"https:\/\/cnctulua.tv\/?p=38706","title":{"rendered":"Golpe al GAO-r \u201cJaime Mart\u00ednez\u201d en Restrepo: capturan a uno de sus integrantes y decomisan material b\u00e9lico."},"content":{"rendered":"\n<p>En una operaci\u00f3n desarrollada por la Polic\u00eda del Valle del Cauca en el municipio de Restrepo, fue capturado un presunto integrante del grupo armado residual \u201cJaime Mart\u00ednez\u201d y se incaut\u00f3 material de guerra y propaganda alusiva a las FARC-EP.<\/p>\n\n\n\n<figure class=\"wp-block-embed is-type-video is-provider-youtube wp-block-embed-youtube wp-embed-aspect-16-9 wp-has-aspect-ratio\"><div class=\"wp-block-embed__wrapper\">\n<iframe loading=\"lazy\" title=\"\ud83d\ude94 En Restrepo, Valle del Cauca, la Polic\u00eda Nacional golpea al GAO-r \u201cJaime Mart\u00ednez\u201d.\" width=\"640\" height=\"360\" src=\"https:\/\/www.youtube.com\/embed\/jahkBpDeXpk?feature=oembed\" frameborder=\"0\" allow=\"accelerometer; autoplay; clipboard-write; encrypted-media; gyroscope; picture-in-picture; web-share\" referrerpolicy=\"strict-origin-when-cross-origin\" allowfullscreen><\/iframe>\n<\/div><\/figure>\n\n\n\n<p>La acci\u00f3n operativa se dio tras la aparici\u00f3n de grafitis alusivos a las FARC-EP en viviendas del municipio, situaci\u00f3n que gener\u00f3 preocupaci\u00f3n entre los habitantes. Gracias al seguimiento investigativo, las autoridades lograron ubicar los inmuebles donde se escond\u00edan los responsables.<\/p>\n\n\n\n<p>Durante los procedimientos se decomisaron tres pistolas calibre 9 mm, 44 cartuchos, dos radios de comunicaci\u00f3n y material propagand\u00edstico. En el lugar tambi\u00e9n fue hallada una menor de 17 a\u00f1os, quien fue puesta bajo protecci\u00f3n institucional.<\/p>\n\n\n\n<p>La Brigadier General Sandra Liliana Rodr\u00edguez Castro, comandante del Departamento de Polic\u00eda Valle, se\u00f1al\u00f3 que estas intimidaciones eran dirigidas por alias \u201cMarlon\u201d con el fin de mantener control en la zona y generar miedo entre la poblaci\u00f3n.<\/p>\n\n\n\n<p>La gobernadora del Valle, Dilian Francisca Toro, resalt\u00f3 el trabajo conjunto entre las autoridades locales y la Polic\u00eda Nacional para devolver la tranquilidad a los habitantes de Restrepo.<\/p>\n\n\n\n<p>El detenido fue dejado a disposici\u00f3n de la Fiscal\u00eda por el delito de porte ilegal de armas de fuego.<\/p>\n\n\n\n<p>La Polic\u00eda del Valle reiter\u00f3 su compromiso con la seguridad ciudadana y anunci\u00f3 que continuar\u00e1 fortaleciendo las acciones operativas contra los grupos armados organizados en la regi\u00f3n.<\/p>\n","protected":false},"excerpt":{"rendered":"<p>En una operaci\u00f3n desarrollada por la Polic\u00eda del Valle del Cauca en el municipio de Restrepo, fue capturado un presunto integrante del grupo armado residual \u201cJaime Mart\u00ednez\u201d y se incaut\u00f3 material de guerra y propaganda alusiva a las FARC-EP. La acci\u00f3n operativa se dio tras la aparici\u00f3n de grafitis alusivos a las FARC-EP en viviendas [&hellip;]<\/p>\n","protected":false},"author":3,"featured_media":38720,"comment_status":"open","ping_status":"open","sticky":false,"template":"","format":"video","meta":{"footnotes":""},"categories":[10,1515],"tags":[],"class_list":["post-38706","post","type-post","status-publish","format-video","has-post-thumbnail","hentry","category-cnc-noticias-tulua","category-cnc-tulua","post_format-post-format-video"],"_links":{"self":[{"href":"https:\/\/cnctulua.tv\/index.php?rest_route=\/wp\/v2\/posts\/38706","targetHints":{"allow":["GET"]}}],"collection":[{"href":"https:\/\/cnctulua.tv\/index.php?rest_route=\/wp\/v2\/posts"}],"about":[{"href":"https:\/\/cnctulua.tv\/index.php?rest_route=\/wp\/v2\/types\/post"}],"author":[{"embeddable":true,"href":"https:\/\/cnctulua.tv\/index.php?rest_route=\/wp\/v2\/users\/3"}],"replies":[{"embeddable":true,"href":"https:\/\/cnctulua.tv\/index.php?rest_route=%2Fwp%2Fv2%2Fcomments&post=38706"}],"version-history":[{"count":1,"href":"https:\/\/cnctulua.tv\/index.php?rest_route=\/wp\/v2\/posts\/38706\/revisions"}],"predecessor-version":[{"id":38746,"href":"https:\/\/cnctulua.tv\/index.php?rest_route=\/wp\/v2\/posts\/38706\/revisions\/38746"}],"wp:featuredmedia":[{"embeddable":true,"href":"https:\/\/cnctulua.tv\/index.php?rest_route=\/wp\/v2\/media\/38720"}],"wp:attachment":[{"href":"https:\/\/cnctulua.tv\/index.php?rest_route=%2Fwp%2Fv2%2Fmedia&parent=38706"}],"wp:term":[{"taxonomy":"category","embeddable":true,"href":"https:\/\/cnctulua.tv\/index.php?rest_route=%2Fwp%2Fv2%2Fcategories&post=38706"},{"taxonomy":"post_tag","embeddable":true,"href":"https:\/\/cnctulua.tv\/index.php?rest_route=%2Fwp%2Fv2%2Ftags&post=38706"}],"curies":[{"name":"wp","href":"https:\/\/api.w.org\/{rel}","templated":true}]}}