{"id":38778,"date":"2025-10-29T17:50:22","date_gmt":"2025-10-29T17:50:22","guid":{"rendered":"https:\/\/cnctulua.tv\/?p=38778"},"modified":"2025-10-29T17:50:22","modified_gmt":"2025-10-29T17:50:22","slug":"saray-olalla-talento-paralimpico-que-brilla-desde-aguaclara","status":"publish","type":"post","link":"https:\/\/cnctulua.tv\/?p=38778","title":{"rendered":"Saray Olalla, talento paral\u00edmpico que brilla desde Aguaclara."},"content":{"rendered":"\n<p>En el marco del campamento paral\u00edmpico y sordool\u00edmpico realizado en Tulu\u00e1, la joven nadadora Saray Olalla Cruz, del corregimiento de Aguaclara, demostr\u00f3 su dedicaci\u00f3n y compromiso con el deporte adaptado.<\/p>\n\n\n\n<figure class=\"wp-block-embed is-type-video is-provider-youtube wp-block-embed-youtube wp-embed-aspect-16-9 wp-has-aspect-ratio\"><div class=\"wp-block-embed__wrapper\">\n<iframe loading=\"lazy\" title=\"\ud83c\udfca\u200d\u2640\ufe0f\ud83d\udcaa Saray brilla en el campamento paral\u00edmpico de Tulu\u00e1 y sigue fortaleciendo su sue\u00f1o deportivo. \ud83c\udf1f\" width=\"640\" height=\"360\" src=\"https:\/\/www.youtube.com\/embed\/EqUY1mqvTUE?feature=oembed\" frameborder=\"0\" allow=\"accelerometer; autoplay; clipboard-write; encrypted-media; gyroscope; picture-in-picture; web-share\" referrerpolicy=\"strict-origin-when-cross-origin\" allowfullscreen><\/iframe>\n<\/div><\/figure>\n\n\n\n<p>Con cuatro a\u00f1os de experiencia en la nataci\u00f3n, Saray particip\u00f3 activamente en las pruebas de evaluaci\u00f3n t\u00e9cnica y f\u00edsica, destacando el acompa\u00f1amiento profesional que reciben los atletas durante estas jornadas.<\/p>\n\n\n\n<p>\u201cEstos espacios son muy ch\u00e9veres, nos ayudan a mejorar, a entender qu\u00e9 errores cometemos y a esforzarnos cada d\u00eda m\u00e1s\u201d, asegur\u00f3 la deportista, quien agradeci\u00f3 el apoyo de su entrenador, Diego Mayorga, y de su familia.<\/p>\n\n\n\n<p>El programa, liderado por Indervalle, busca fortalecer el proceso formativo y competitivo de los deportistas del sector paral\u00edmpico en todo el departamento, con miras a mantener el liderazgo del Valle del Cauca en los pr\u00f3ximos Juegos Paranacionales.<\/p>\n","protected":false},"excerpt":{"rendered":"<p>En el marco del campamento paral\u00edmpico y sordool\u00edmpico realizado en Tulu\u00e1, la joven nadadora Saray Olalla Cruz, del corregimiento de Aguaclara, demostr\u00f3 su dedicaci\u00f3n y compromiso con el deporte adaptado. Con cuatro a\u00f1os de experiencia en la nataci\u00f3n, Saray particip\u00f3 activamente en las pruebas de evaluaci\u00f3n t\u00e9cnica y f\u00edsica, destacando el acompa\u00f1amiento profesional que reciben [&hellip;]<\/p>\n","protected":false},"author":3,"featured_media":38813,"comment_status":"open","ping_status":"open","sticky":false,"template":"","format":"video","meta":{"footnotes":""},"categories":[1],"tags":[],"class_list":["post-38778","post","type-post","status-publish","format-video","has-post-thumbnail","hentry","category-uncategorized","post_format-post-format-video"],"_links":{"self":[{"href":"https:\/\/cnctulua.tv\/index.php?rest_route=\/wp\/v2\/posts\/38778","targetHints":{"allow":["GET"]}}],"collection":[{"href":"https:\/\/cnctulua.tv\/index.php?rest_route=\/wp\/v2\/posts"}],"about":[{"href":"https:\/\/cnctulua.tv\/index.php?rest_route=\/wp\/v2\/types\/post"}],"author":[{"embeddable":true,"href":"https:\/\/cnctulua.tv\/index.php?rest_route=\/wp\/v2\/users\/3"}],"replies":[{"embeddable":true,"href":"https:\/\/cnctulua.tv\/index.php?rest_route=%2Fwp%2Fv2%2Fcomments&post=38778"}],"version-history":[{"count":1,"href":"https:\/\/cnctulua.tv\/index.php?rest_route=\/wp\/v2\/posts\/38778\/revisions"}],"predecessor-version":[{"id":38817,"href":"https:\/\/cnctulua.tv\/index.php?rest_route=\/wp\/v2\/posts\/38778\/revisions\/38817"}],"wp:featuredmedia":[{"embeddable":true,"href":"https:\/\/cnctulua.tv\/index.php?rest_route=\/wp\/v2\/media\/38813"}],"wp:attachment":[{"href":"https:\/\/cnctulua.tv\/index.php?rest_route=%2Fwp%2Fv2%2Fmedia&parent=38778"}],"wp:term":[{"taxonomy":"category","embeddable":true,"href":"https:\/\/cnctulua.tv\/index.php?rest_route=%2Fwp%2Fv2%2Fcategories&post=38778"},{"taxonomy":"post_tag","embeddable":true,"href":"https:\/\/cnctulua.tv\/index.php?rest_route=%2Fwp%2Fv2%2Ftags&post=38778"}],"curies":[{"name":"wp","href":"https:\/\/api.w.org\/{rel}","templated":true}]}}