{"id":38779,"date":"2025-10-29T17:48:58","date_gmt":"2025-10-29T17:48:58","guid":{"rendered":"https:\/\/cnctulua.tv\/?p=38779"},"modified":"2025-10-29T17:48:58","modified_gmt":"2025-10-29T17:48:58","slug":"tulua-fue-epicentro-del-talento-paralimpico-y-sordolimpico-del-valle","status":"publish","type":"post","link":"https:\/\/cnctulua.tv\/?p=38779","title":{"rendered":"Tulu\u00e1 fue epicentro del talento paral\u00edmpico y sordol\u00edmpico del Valle."},"content":{"rendered":"\n<p>Durante dos d\u00edas, el estadio 12 de Octubre del municipio de Tulu\u00e1 vibr\u00f3 con el tercer campamento departamental del sector paral\u00edmpico y sordol\u00edmpico, un espacio liderado por Indervalle para la identificaci\u00f3n, evaluaci\u00f3n y proyecci\u00f3n de nuevos talentos deportivos.<\/p>\n\n\n\n<figure class=\"wp-block-embed is-type-video is-provider-youtube wp-block-embed-youtube wp-embed-aspect-16-9 wp-has-aspect-ratio\"><div class=\"wp-block-embed__wrapper\">\n<iframe loading=\"lazy\" title=\"\ud83c\udfc3\u200d\u2642\ufe0f\ud83c\udfc5 Talento sin l\u00edmites brill\u00f3 en el campamento paral\u00edmpico y sordol\u00edmpico en Tulu\u00e1. \ud83d\udcaa\ud83c\udfaf\ud83d\udd25\" width=\"640\" height=\"360\" src=\"https:\/\/www.youtube.com\/embed\/cX20isJEsvQ?feature=oembed\" frameborder=\"0\" allow=\"accelerometer; autoplay; clipboard-write; encrypted-media; gyroscope; picture-in-picture; web-share\" referrerpolicy=\"strict-origin-when-cross-origin\" allowfullscreen><\/iframe>\n<\/div><\/figure>\n\n\n\n<p>El evento reuni\u00f3 a atletas con discapacidades cognitivas, visuales y auditivas, quienes participaron en pruebas t\u00e9cnicas, f\u00edsicas y biom\u00e9dicas orientadas a fortalecer su desarrollo competitivo en disciplinas como atletismo y nataci\u00f3n.<\/p>\n\n\n\n<figure class=\"wp-block-image size-full\"><img loading=\"lazy\" decoding=\"async\" width=\"961\" height=\"519\" src=\"https:\/\/cnctulua.tv\/wp-content\/uploads\/2025\/10\/paralimpico.png\" alt=\"\" class=\"wp-image-38810\" srcset=\"https:\/\/cnctulua.tv\/wp-content\/uploads\/2025\/10\/paralimpico.png 961w, https:\/\/cnctulua.tv\/wp-content\/uploads\/2025\/10\/paralimpico-300x162.png 300w, https:\/\/cnctulua.tv\/wp-content\/uploads\/2025\/10\/paralimpico-768x415.png 768w\" sizes=\"auto, (max-width: 961px) 100vw, 961px\" \/><\/figure>\n\n\n\n<p>Jos\u00e9 Roberto Rosero, metod\u00f3logo del sector paral\u00edmpico y sordol\u00edmpico, destac\u00f3 que el prop\u00f3sito del campamento es ubicar a los deportistas en las disciplinas que mejor se ajusten a sus condiciones, permitiendo as\u00ed su avance hacia el alto rendimiento.<\/p>\n\n\n\n<p>\u201cEl Valle del Cauca es bicampe\u00f3n de los Juegos Paranacionales 2019 y 2023, y con este trabajo de base queremos consolidar la tripleta en 2027. Estos procesos nos permiten descubrir y formar a los futuros medallistas del departamento\u201d, afirm\u00f3 Rosero.<\/p>\n\n\n\n<p>La jornada cont\u00f3 con pruebas de pista, velocidad, resistencia, lanzamiento de jabalina y bala, adem\u00e1s de acompa\u00f1amiento t\u00e9cnico, m\u00e9dico y psicol\u00f3gico, involucrando a entrenadores, familias y entidades locales del deporte.<\/p>\n","protected":false},"excerpt":{"rendered":"<p>Durante dos d\u00edas, el estadio 12 de Octubre del municipio de Tulu\u00e1 vibr\u00f3 con el tercer campamento departamental del sector paral\u00edmpico y sordol\u00edmpico, un espacio liderado por Indervalle para la identificaci\u00f3n, evaluaci\u00f3n y proyecci\u00f3n de nuevos talentos deportivos. El evento reuni\u00f3 a atletas con discapacidades cognitivas, visuales y auditivas, quienes participaron en pruebas t\u00e9cnicas, f\u00edsicas [&hellip;]<\/p>\n","protected":false},"author":3,"featured_media":38809,"comment_status":"open","ping_status":"open","sticky":false,"template":"","format":"video","meta":{"footnotes":""},"categories":[1],"tags":[],"class_list":["post-38779","post","type-post","status-publish","format-video","has-post-thumbnail","hentry","category-uncategorized","post_format-post-format-video"],"_links":{"self":[{"href":"https:\/\/cnctulua.tv\/index.php?rest_route=\/wp\/v2\/posts\/38779","targetHints":{"allow":["GET"]}}],"collection":[{"href":"https:\/\/cnctulua.tv\/index.php?rest_route=\/wp\/v2\/posts"}],"about":[{"href":"https:\/\/cnctulua.tv\/index.php?rest_route=\/wp\/v2\/types\/post"}],"author":[{"embeddable":true,"href":"https:\/\/cnctulua.tv\/index.php?rest_route=\/wp\/v2\/users\/3"}],"replies":[{"embeddable":true,"href":"https:\/\/cnctulua.tv\/index.php?rest_route=%2Fwp%2Fv2%2Fcomments&post=38779"}],"version-history":[{"count":1,"href":"https:\/\/cnctulua.tv\/index.php?rest_route=\/wp\/v2\/posts\/38779\/revisions"}],"predecessor-version":[{"id":38815,"href":"https:\/\/cnctulua.tv\/index.php?rest_route=\/wp\/v2\/posts\/38779\/revisions\/38815"}],"wp:featuredmedia":[{"embeddable":true,"href":"https:\/\/cnctulua.tv\/index.php?rest_route=\/wp\/v2\/media\/38809"}],"wp:attachment":[{"href":"https:\/\/cnctulua.tv\/index.php?rest_route=%2Fwp%2Fv2%2Fmedia&parent=38779"}],"wp:term":[{"taxonomy":"category","embeddable":true,"href":"https:\/\/cnctulua.tv\/index.php?rest_route=%2Fwp%2Fv2%2Fcategories&post=38779"},{"taxonomy":"post_tag","embeddable":true,"href":"https:\/\/cnctulua.tv\/index.php?rest_route=%2Fwp%2Fv2%2Ftags&post=38779"}],"curies":[{"name":"wp","href":"https:\/\/api.w.org\/{rel}","templated":true}]}}