{"id":38781,"date":"2025-10-29T17:32:03","date_gmt":"2025-10-29T17:32:03","guid":{"rendered":"https:\/\/cnctulua.tv\/?p=38781"},"modified":"2025-10-29T17:32:03","modified_gmt":"2025-10-29T17:32:03","slug":"el-barrio-el-victoria-recupera-su-tradicion-del-alumbrado-navideno","status":"publish","type":"post","link":"https:\/\/cnctulua.tv\/?p=38781","title":{"rendered":"El barrio El Victoria recupera su tradici\u00f3n del alumbrado navide\u00f1o."},"content":{"rendered":"\n<p>La Junta de Acci\u00f3n Comunal del barrio El Victoria, en Tulu\u00e1, lidera una iniciativa comunitaria para reavivar la tradici\u00f3n del alumbrado navide\u00f1o, una costumbre que en a\u00f1os anteriores convert\u00eda al sector en un referente local durante el mes de diciembre.<\/p>\n\n\n\n<figure class=\"wp-block-embed is-type-video is-provider-youtube wp-block-embed-youtube wp-embed-aspect-16-9 wp-has-aspect-ratio\"><div class=\"wp-block-embed__wrapper\">\nhttps:\/\/youtu.be\/cYQq2cWACKo\n<\/div><\/figure>\n\n\n\n<p>De acuerdo con su presidente, Luis Eduardo Ayala, el objetivo es motivar la participaci\u00f3n de las familias y promover espacios de integraci\u00f3n a trav\u00e9s de la decoraci\u00f3n de las calles y la elaboraci\u00f3n de faroles. <\/p>\n\n\n\n<figure class=\"wp-block-image size-full\"><img loading=\"lazy\" decoding=\"async\" width=\"1017\" height=\"544\" src=\"https:\/\/cnctulua.tv\/wp-content\/uploads\/2025\/10\/alumbrado-nav.png\" alt=\"\" class=\"wp-image-38808\" srcset=\"https:\/\/cnctulua.tv\/wp-content\/uploads\/2025\/10\/alumbrado-nav.png 1017w, https:\/\/cnctulua.tv\/wp-content\/uploads\/2025\/10\/alumbrado-nav-300x160.png 300w, https:\/\/cnctulua.tv\/wp-content\/uploads\/2025\/10\/alumbrado-nav-768x411.png 768w\" sizes=\"auto, (max-width: 1017px) 100vw, 1017px\" \/><\/figure>\n\n\n\n<p>Para ello, las primeras diez cuadras que se inscriban recibir\u00e1n materiales como pintura y brochas, gestionados con el apoyo de comerciantes del sector y recursos propios de la Junta.<\/p>\n\n\n\n<p>La propuesta busca rescatar el sentido de comunidad y el ambiente festivo que caracterizaba al barrio, fortaleciendo la convivencia vecinal durante las celebraciones del 7 y 8 de diciembre.<\/p>\n","protected":false},"excerpt":{"rendered":"<p>La Junta de Acci\u00f3n Comunal del barrio El Victoria, en Tulu\u00e1, lidera una iniciativa comunitaria para reavivar la tradici\u00f3n del alumbrado navide\u00f1o, una costumbre que en a\u00f1os anteriores convert\u00eda al sector en un referente local durante el mes de diciembre. De acuerdo con su presidente, Luis Eduardo Ayala, el objetivo es motivar la participaci\u00f3n de [&hellip;]<\/p>\n","protected":false},"author":3,"featured_media":38807,"comment_status":"open","ping_status":"open","sticky":false,"template":"","format":"video","meta":{"footnotes":""},"categories":[1],"tags":[],"class_list":["post-38781","post","type-post","status-publish","format-video","has-post-thumbnail","hentry","category-uncategorized","post_format-post-format-video"],"_links":{"self":[{"href":"https:\/\/cnctulua.tv\/index.php?rest_route=\/wp\/v2\/posts\/38781","targetHints":{"allow":["GET"]}}],"collection":[{"href":"https:\/\/cnctulua.tv\/index.php?rest_route=\/wp\/v2\/posts"}],"about":[{"href":"https:\/\/cnctulua.tv\/index.php?rest_route=\/wp\/v2\/types\/post"}],"author":[{"embeddable":true,"href":"https:\/\/cnctulua.tv\/index.php?rest_route=\/wp\/v2\/users\/3"}],"replies":[{"embeddable":true,"href":"https:\/\/cnctulua.tv\/index.php?rest_route=%2Fwp%2Fv2%2Fcomments&post=38781"}],"version-history":[{"count":1,"href":"https:\/\/cnctulua.tv\/index.php?rest_route=\/wp\/v2\/posts\/38781\/revisions"}],"predecessor-version":[{"id":38811,"href":"https:\/\/cnctulua.tv\/index.php?rest_route=\/wp\/v2\/posts\/38781\/revisions\/38811"}],"wp:featuredmedia":[{"embeddable":true,"href":"https:\/\/cnctulua.tv\/index.php?rest_route=\/wp\/v2\/media\/38807"}],"wp:attachment":[{"href":"https:\/\/cnctulua.tv\/index.php?rest_route=%2Fwp%2Fv2%2Fmedia&parent=38781"}],"wp:term":[{"taxonomy":"category","embeddable":true,"href":"https:\/\/cnctulua.tv\/index.php?rest_route=%2Fwp%2Fv2%2Fcategories&post=38781"},{"taxonomy":"post_tag","embeddable":true,"href":"https:\/\/cnctulua.tv\/index.php?rest_route=%2Fwp%2Fv2%2Ftags&post=38781"}],"curies":[{"name":"wp","href":"https:\/\/api.w.org\/{rel}","templated":true}]}}