{"id":38782,"date":"2025-10-29T16:38:44","date_gmt":"2025-10-29T16:38:44","guid":{"rendered":"https:\/\/cnctulua.tv\/?p=38782"},"modified":"2025-10-29T16:38:44","modified_gmt":"2025-10-29T16:38:44","slug":"valle-del-cauca-aplica-mas-de-28-mil-dosis-contra-la-fiebre-amarilla","status":"publish","type":"post","link":"https:\/\/cnctulua.tv\/?p=38782","title":{"rendered":"Valle del Cauca aplica m\u00e1s de 28 mil dosis contra la fiebre amarilla."},"content":{"rendered":"\n<p>El Valle del Cauca registra avances en la contenci\u00f3n de la fiebre amarilla con la aplicaci\u00f3n de 28.557 dosis de vacuna en distintos grupos poblacionales, como parte de la estrategia de prevenci\u00f3n liderada por la Secretar\u00eda Departamental de Salud.<\/p>\n\n\n\n<figure class=\"wp-block-embed is-type-video is-provider-youtube wp-block-embed-youtube wp-embed-aspect-16-9 wp-has-aspect-ratio\"><div class=\"wp-block-embed__wrapper\">\n<iframe loading=\"lazy\" title=\"\ud83c\udfa5 Avanza la contenci\u00f3n de la fiebre amarilla en el Valle del Cauca. \ud83d\udc89\" width=\"640\" height=\"360\" src=\"https:\/\/www.youtube.com\/embed\/3VhYu_7ePCg?feature=oembed\" frameborder=\"0\" allow=\"accelerometer; autoplay; clipboard-write; encrypted-media; gyroscope; picture-in-picture; web-share\" referrerpolicy=\"strict-origin-when-cross-origin\" allowfullscreen><\/iframe>\n<\/div><\/figure>\n\n\n\n<p>Seg\u00fan explic\u00f3 la secretaria de Salud, Mar\u00eda Cristina Lesmes, la vacunaci\u00f3n se concentra en municipios con mayor exposici\u00f3n por su cercan\u00eda a departamentos como Tolima, Cauca y Choc\u00f3. \u201cLa fiebre amarilla es una enfermedad grave, pero prevenible con una sola dosis. Esta vacuna protege de por vida y es gratuita para todos los ciudadanos\u201d, se\u00f1al\u00f3.<\/p>\n\n\n\n<p>De acuerdo con los datos del programa de inmunizaci\u00f3n:<\/p>\n\n\n\n<ul class=\"wp-block-list\">\n<li>9.715 ni\u00f1os entre 9 y 23 meses han recibido la vacuna, alcanzando una cobertura del 66%.<\/li>\n<\/ul>\n\n\n\n<ul class=\"wp-block-list\">\n<li>10.717 ni\u00f1os y adolescentes entre 2 y 19 a\u00f1os fueron inmunizados.<\/li>\n<\/ul>\n\n\n\n<ul class=\"wp-block-list\">\n<li>5.641 dosis se aplicaron en zonas lim\u00edtrofes con municipios de alto riesgo.<\/li>\n<\/ul>\n\n\n\n<ul class=\"wp-block-list\">\n<li>2.484 trabajadores del sector cafetero fueron vacunados.<\/li>\n<\/ul>\n\n\n\n<p>Las autoridades reiteraron el llamado a la poblaci\u00f3n para mantener sus esquemas de vacunaci\u00f3n al d\u00eda y acudir a los puntos habilitados en cada municipio.<\/p>\n","protected":false},"excerpt":{"rendered":"<p>El Valle del Cauca registra avances en la contenci\u00f3n de la fiebre amarilla con la aplicaci\u00f3n de 28.557 dosis de vacuna en distintos grupos poblacionales, como parte de la estrategia de prevenci\u00f3n liderada por la Secretar\u00eda Departamental de Salud. Seg\u00fan explic\u00f3 la secretaria de Salud, Mar\u00eda Cristina Lesmes, la vacunaci\u00f3n se concentra en municipios con [&hellip;]<\/p>\n","protected":false},"author":3,"featured_media":38801,"comment_status":"open","ping_status":"open","sticky":false,"template":"","format":"video","meta":{"footnotes":""},"categories":[1],"tags":[],"class_list":["post-38782","post","type-post","status-publish","format-video","has-post-thumbnail","hentry","category-uncategorized","post_format-post-format-video"],"_links":{"self":[{"href":"https:\/\/cnctulua.tv\/index.php?rest_route=\/wp\/v2\/posts\/38782","targetHints":{"allow":["GET"]}}],"collection":[{"href":"https:\/\/cnctulua.tv\/index.php?rest_route=\/wp\/v2\/posts"}],"about":[{"href":"https:\/\/cnctulua.tv\/index.php?rest_route=\/wp\/v2\/types\/post"}],"author":[{"embeddable":true,"href":"https:\/\/cnctulua.tv\/index.php?rest_route=\/wp\/v2\/users\/3"}],"replies":[{"embeddable":true,"href":"https:\/\/cnctulua.tv\/index.php?rest_route=%2Fwp%2Fv2%2Fcomments&post=38782"}],"version-history":[{"count":1,"href":"https:\/\/cnctulua.tv\/index.php?rest_route=\/wp\/v2\/posts\/38782\/revisions"}],"predecessor-version":[{"id":38804,"href":"https:\/\/cnctulua.tv\/index.php?rest_route=\/wp\/v2\/posts\/38782\/revisions\/38804"}],"wp:featuredmedia":[{"embeddable":true,"href":"https:\/\/cnctulua.tv\/index.php?rest_route=\/wp\/v2\/media\/38801"}],"wp:attachment":[{"href":"https:\/\/cnctulua.tv\/index.php?rest_route=%2Fwp%2Fv2%2Fmedia&parent=38782"}],"wp:term":[{"taxonomy":"category","embeddable":true,"href":"https:\/\/cnctulua.tv\/index.php?rest_route=%2Fwp%2Fv2%2Fcategories&post=38782"},{"taxonomy":"post_tag","embeddable":true,"href":"https:\/\/cnctulua.tv\/index.php?rest_route=%2Fwp%2Fv2%2Ftags&post=38782"}],"curies":[{"name":"wp","href":"https:\/\/api.w.org\/{rel}","templated":true}]}}