{"id":38828,"date":"2025-10-30T14:10:52","date_gmt":"2025-10-30T14:10:52","guid":{"rendered":"https:\/\/cnctulua.tv\/?p=38828"},"modified":"2025-10-30T14:11:23","modified_gmt":"2025-10-30T14:11:23","slug":"abren-convocatoria-para-fortalecer-las-ventas-digitales-de-las-mipymes-del-valle-2","status":"publish","type":"post","link":"https:\/\/cnctulua.tv\/?p=38828","title":{"rendered":"Abren convocatoria para fortalecer las ventas digitales de las Mipymes del Valle."},"content":{"rendered":"\n<figure class=\"wp-block-embed is-type-video is-provider-youtube wp-block-embed-youtube wp-embed-aspect-16-9 wp-has-aspect-ratio\"><div class=\"wp-block-embed__wrapper\">\n<iframe loading=\"lazy\" title=\"\ud83c\udfa5 Nueva oportunidad para emprendedores del Valle del Cauca.\" width=\"640\" height=\"360\" src=\"https:\/\/www.youtube.com\/embed\/zIhYRqoX-t8?feature=oembed\" frameborder=\"0\" allow=\"accelerometer; autoplay; clipboard-write; encrypted-media; gyroscope; picture-in-picture; web-share\" referrerpolicy=\"strict-origin-when-cross-origin\" allowfullscreen><\/iframe>\n<\/div><\/figure>\n\n\n\n<p>\u201cEl programa ofrecer\u00e1 un diagn\u00f3stico, un plan de transformaci\u00f3n personalizado y acompa\u00f1amiento t\u00e9cnico para implementar estrategias de marketing digital y comercio electr\u00f3nico. Con esto buscamos que las empresas incrementen sus ventas y fortalezcan su competitividad\u201d, indic\u00f3 \u00d3scar Eduardo Vivas Astudillo, secretario de Desarrollo Econ\u00f3mico del Valle.<\/p>\n\n\n\n<p>Las inscripciones estar\u00e1n abiertas hasta el 7 de noviembre en https:\/\/tinyurl.com\/convocatoria7n.<\/p>\n\n\n\n<p>Entre los requisitos figuran estar afiliado a Comfandi, tener el negocio activo y registrar ventas demostrables durante el \u00faltimo a\u00f1o.<\/p>\n\n\n\n<p>A trav\u00e9s de este proceso de transformaci\u00f3n digital, las Mipymes podr\u00e1n mejorar su productividad, sostenibilidad y posicionamiento en mercados locales, nacionales e internacionales.<\/p>\n","protected":false},"excerpt":{"rendered":"<p>\u201cEl programa ofrecer\u00e1 un diagn\u00f3stico, un plan de transformaci\u00f3n personalizado y acompa\u00f1amiento t\u00e9cnico para implementar estrategias de marketing digital y comercio electr\u00f3nico. Con esto buscamos que las empresas incrementen sus ventas y fortalezcan su competitividad\u201d, indic\u00f3 \u00d3scar Eduardo Vivas Astudillo, secretario de Desarrollo Econ\u00f3mico del Valle. Las inscripciones estar\u00e1n abiertas hasta el 7 de noviembre [&hellip;]<\/p>\n","protected":false},"author":3,"featured_media":38824,"comment_status":"open","ping_status":"open","sticky":false,"template":"","format":"video","meta":{"footnotes":""},"categories":[10,1515],"tags":[],"class_list":["post-38828","post","type-post","status-publish","format-video","has-post-thumbnail","hentry","category-cnc-noticias-tulua","category-cnc-tulua","post_format-post-format-video"],"_links":{"self":[{"href":"https:\/\/cnctulua.tv\/index.php?rest_route=\/wp\/v2\/posts\/38828","targetHints":{"allow":["GET"]}}],"collection":[{"href":"https:\/\/cnctulua.tv\/index.php?rest_route=\/wp\/v2\/posts"}],"about":[{"href":"https:\/\/cnctulua.tv\/index.php?rest_route=\/wp\/v2\/types\/post"}],"author":[{"embeddable":true,"href":"https:\/\/cnctulua.tv\/index.php?rest_route=\/wp\/v2\/users\/3"}],"replies":[{"embeddable":true,"href":"https:\/\/cnctulua.tv\/index.php?rest_route=%2Fwp%2Fv2%2Fcomments&post=38828"}],"version-history":[{"count":2,"href":"https:\/\/cnctulua.tv\/index.php?rest_route=\/wp\/v2\/posts\/38828\/revisions"}],"predecessor-version":[{"id":38849,"href":"https:\/\/cnctulua.tv\/index.php?rest_route=\/wp\/v2\/posts\/38828\/revisions\/38849"}],"wp:featuredmedia":[{"embeddable":true,"href":"https:\/\/cnctulua.tv\/index.php?rest_route=\/wp\/v2\/media\/38824"}],"wp:attachment":[{"href":"https:\/\/cnctulua.tv\/index.php?rest_route=%2Fwp%2Fv2%2Fmedia&parent=38828"}],"wp:term":[{"taxonomy":"category","embeddable":true,"href":"https:\/\/cnctulua.tv\/index.php?rest_route=%2Fwp%2Fv2%2Fcategories&post=38828"},{"taxonomy":"post_tag","embeddable":true,"href":"https:\/\/cnctulua.tv\/index.php?rest_route=%2Fwp%2Fv2%2Ftags&post=38828"}],"curies":[{"name":"wp","href":"https:\/\/api.w.org\/{rel}","templated":true}]}}