{"id":38829,"date":"2025-10-30T16:17:36","date_gmt":"2025-10-30T16:17:36","guid":{"rendered":"https:\/\/cnctulua.tv\/?p=38829"},"modified":"2025-10-30T16:17:36","modified_gmt":"2025-10-30T16:17:36","slug":"policia-activa-hoja-de-ruta-tras-incidente-con-lider-social-en-buenaventura","status":"publish","type":"post","link":"https:\/\/cnctulua.tv\/?p=38829","title":{"rendered":"Polic\u00eda activa hoja de ruta tras incidente con l\u00edder social en Buenaventura."},"content":{"rendered":"\n<p>La Polic\u00eda Nacional inform\u00f3 que activ\u00f3 los protocolos de atenci\u00f3n y protecci\u00f3n tras un incidente en el que se vio involucrado un l\u00edder social en el distrito de Buenaventura.<\/p>\n\n\n\n<figure class=\"wp-block-embed is-type-video is-provider-youtube wp-block-embed-youtube wp-embed-aspect-16-9 wp-has-aspect-ratio\"><div class=\"wp-block-embed__wrapper\">\n<iframe loading=\"lazy\" title=\"\ud83c\udfa5 Polic\u00eda activa hoja de ruta de protecci\u00f3n en Buenaventura.\" width=\"640\" height=\"360\" src=\"https:\/\/www.youtube.com\/embed\/cVwZLT5fD_4?feature=oembed\" frameborder=\"0\" allow=\"accelerometer; autoplay; clipboard-write; encrypted-media; gyroscope; picture-in-picture; web-share\" referrerpolicy=\"strict-origin-when-cross-origin\" allowfullscreen><\/iframe>\n<\/div><\/figure>\n\n\n\n<p>Seg\u00fan las autoridades, el hecho, que no dej\u00f3 personas heridas, es materia de investigaci\u00f3n por parte de la Fiscal\u00eda General de la Naci\u00f3n y la Unidad Nacional de Protecci\u00f3n.<\/p>\n\n\n\n<p>El coronel Gustavo Chaparro, comandante del Distrito Especial de Polic\u00eda Buenaventura, se\u00f1al\u00f3 que se brind\u00f3 acompa\u00f1amiento institucional y se puso en marcha la hoja de ruta de seguridad para garantizar la integridad del ciudadano.<\/p>\n\n\n\n<p>La Polic\u00eda reiter\u00f3 su compromiso con la protecci\u00f3n de l\u00edderes sociales y la articulaci\u00f3n interinstitucional para prevenir situaciones que afecten su bienestar o el de sus comunidades.<\/p>\n","protected":false},"excerpt":{"rendered":"<p>La Polic\u00eda Nacional inform\u00f3 que activ\u00f3 los protocolos de atenci\u00f3n y protecci\u00f3n tras un incidente en el que se vio involucrado un l\u00edder social en el distrito de Buenaventura. Seg\u00fan las autoridades, el hecho, que no dej\u00f3 personas heridas, es materia de investigaci\u00f3n por parte de la Fiscal\u00eda General de la Naci\u00f3n y la Unidad [&hellip;]<\/p>\n","protected":false},"author":3,"featured_media":38861,"comment_status":"open","ping_status":"open","sticky":false,"template":"","format":"video","meta":{"footnotes":""},"categories":[10,1515],"tags":[],"class_list":["post-38829","post","type-post","status-publish","format-video","has-post-thumbnail","hentry","category-cnc-noticias-tulua","category-cnc-tulua","post_format-post-format-video"],"_links":{"self":[{"href":"https:\/\/cnctulua.tv\/index.php?rest_route=\/wp\/v2\/posts\/38829","targetHints":{"allow":["GET"]}}],"collection":[{"href":"https:\/\/cnctulua.tv\/index.php?rest_route=\/wp\/v2\/posts"}],"about":[{"href":"https:\/\/cnctulua.tv\/index.php?rest_route=\/wp\/v2\/types\/post"}],"author":[{"embeddable":true,"href":"https:\/\/cnctulua.tv\/index.php?rest_route=\/wp\/v2\/users\/3"}],"replies":[{"embeddable":true,"href":"https:\/\/cnctulua.tv\/index.php?rest_route=%2Fwp%2Fv2%2Fcomments&post=38829"}],"version-history":[{"count":1,"href":"https:\/\/cnctulua.tv\/index.php?rest_route=\/wp\/v2\/posts\/38829\/revisions"}],"predecessor-version":[{"id":38866,"href":"https:\/\/cnctulua.tv\/index.php?rest_route=\/wp\/v2\/posts\/38829\/revisions\/38866"}],"wp:featuredmedia":[{"embeddable":true,"href":"https:\/\/cnctulua.tv\/index.php?rest_route=\/wp\/v2\/media\/38861"}],"wp:attachment":[{"href":"https:\/\/cnctulua.tv\/index.php?rest_route=%2Fwp%2Fv2%2Fmedia&parent=38829"}],"wp:term":[{"taxonomy":"category","embeddable":true,"href":"https:\/\/cnctulua.tv\/index.php?rest_route=%2Fwp%2Fv2%2Fcategories&post=38829"},{"taxonomy":"post_tag","embeddable":true,"href":"https:\/\/cnctulua.tv\/index.php?rest_route=%2Fwp%2Fv2%2Ftags&post=38829"}],"curies":[{"name":"wp","href":"https:\/\/api.w.org\/{rel}","templated":true}]}}