{"id":38831,"date":"2025-10-30T17:47:03","date_gmt":"2025-10-30T17:47:03","guid":{"rendered":"https:\/\/cnctulua.tv\/?p=38831"},"modified":"2025-10-30T17:47:03","modified_gmt":"2025-10-30T17:47:03","slug":"tulua-vibra-con-el-segundo-encuentro-de-bandas-de-marcha-aguilas-de-fuego","status":"publish","type":"post","link":"https:\/\/cnctulua.tv\/?p=38831","title":{"rendered":"Tulu\u00e1 vibra con el segundo encuentro de bandas de marcha \u201c\u00c1guilas de Fuego\u201d."},"content":{"rendered":"\n<p>El Cuerpo de Bomberos Voluntarios de Tulu\u00e1 conmemora sus 86 a\u00f1os de servicio con un evento que une m\u00fasica, arte y comunidad. Este domingo 2 de noviembre, desde las 9:00 a. m., 19 bandas de distintos municipios del Valle, Risaralda y Quind\u00edo desfilar\u00e1n por las principales calles de la ciudad, culminando su recorrido en el coliseo de ferias Manuel Victoria Rojas.<\/p>\n\n\n\n<figure class=\"wp-block-embed is-type-video is-provider-youtube wp-block-embed-youtube wp-embed-aspect-16-9 wp-has-aspect-ratio\"><div class=\"wp-block-embed__wrapper\">\n<iframe loading=\"lazy\" title=\"\ud83c\udfba\ud83d\udd25 \ud83c\udfb6 As\u00ed se vivir\u00e1 el encuentro musical \u201c\u00c1guilas de Fuego\u201d en Tulu\u00e1.\" width=\"640\" height=\"360\" src=\"https:\/\/www.youtube.com\/embed\/V9lmmxO4F3g?feature=oembed\" frameborder=\"0\" allow=\"accelerometer; autoplay; clipboard-write; encrypted-media; gyroscope; picture-in-picture; web-share\" referrerpolicy=\"strict-origin-when-cross-origin\" allowfullscreen><\/iframe>\n<\/div><\/figure>\n\n\n\n<p>La jornada, de entrada libre, incluye presentaciones coreogr\u00e1ficas, premiaciones y un espacio para emprendedores locales. El sargento Orlando G\u00f3mez, director de la banda \u00c1guilas de Fuego, invit\u00f3 a los vallecaucanos a participar de esta cita cultural que rinde homenaje a la disciplina y al arte musical.<\/p>\n","protected":false},"excerpt":{"rendered":"<p>El Cuerpo de Bomberos Voluntarios de Tulu\u00e1 conmemora sus 86 a\u00f1os de servicio con un evento que une m\u00fasica, arte y comunidad. Este domingo 2 de noviembre, desde las 9:00 a. m., 19 bandas de distintos municipios del Valle, Risaralda y Quind\u00edo desfilar\u00e1n por las principales calles de la ciudad, culminando su recorrido en el [&hellip;]<\/p>\n","protected":false},"author":3,"featured_media":38870,"comment_status":"open","ping_status":"open","sticky":false,"template":"","format":"video","meta":{"footnotes":""},"categories":[10,1515],"tags":[],"class_list":["post-38831","post","type-post","status-publish","format-video","has-post-thumbnail","hentry","category-cnc-noticias-tulua","category-cnc-tulua","post_format-post-format-video"],"_links":{"self":[{"href":"https:\/\/cnctulua.tv\/index.php?rest_route=\/wp\/v2\/posts\/38831","targetHints":{"allow":["GET"]}}],"collection":[{"href":"https:\/\/cnctulua.tv\/index.php?rest_route=\/wp\/v2\/posts"}],"about":[{"href":"https:\/\/cnctulua.tv\/index.php?rest_route=\/wp\/v2\/types\/post"}],"author":[{"embeddable":true,"href":"https:\/\/cnctulua.tv\/index.php?rest_route=\/wp\/v2\/users\/3"}],"replies":[{"embeddable":true,"href":"https:\/\/cnctulua.tv\/index.php?rest_route=%2Fwp%2Fv2%2Fcomments&post=38831"}],"version-history":[{"count":1,"href":"https:\/\/cnctulua.tv\/index.php?rest_route=\/wp\/v2\/posts\/38831\/revisions"}],"predecessor-version":[{"id":38872,"href":"https:\/\/cnctulua.tv\/index.php?rest_route=\/wp\/v2\/posts\/38831\/revisions\/38872"}],"wp:featuredmedia":[{"embeddable":true,"href":"https:\/\/cnctulua.tv\/index.php?rest_route=\/wp\/v2\/media\/38870"}],"wp:attachment":[{"href":"https:\/\/cnctulua.tv\/index.php?rest_route=%2Fwp%2Fv2%2Fmedia&parent=38831"}],"wp:term":[{"taxonomy":"category","embeddable":true,"href":"https:\/\/cnctulua.tv\/index.php?rest_route=%2Fwp%2Fv2%2Fcategories&post=38831"},{"taxonomy":"post_tag","embeddable":true,"href":"https:\/\/cnctulua.tv\/index.php?rest_route=%2Fwp%2Fv2%2Ftags&post=38831"}],"curies":[{"name":"wp","href":"https:\/\/api.w.org\/{rel}","templated":true}]}}