{"id":38833,"date":"2025-10-30T17:59:12","date_gmt":"2025-10-30T17:59:12","guid":{"rendered":"https:\/\/cnctulua.tv\/?p=38833"},"modified":"2025-10-30T17:59:12","modified_gmt":"2025-10-30T17:59:12","slug":"dilian-francisca-toro-invita-al-presidente-petro-a-trabajar-juntos-por-el-valle","status":"publish","type":"post","link":"https:\/\/cnctulua.tv\/?p=38833","title":{"rendered":"Dilian Francisca Toro invita al Presidente Petro a trabajar juntos por el Valle."},"content":{"rendered":"\n<p>En el marco del encuentro nacional de gobernadores, la mandataria del Valle del Cauca, Dilian Francisca Toro, envi\u00f3 un mensaje al presidente Gustavo Petro, solicit\u00e1ndole dejar de lado los se\u00f1alamientos personales y enfocar los esfuerzos en el desarrollo de proyectos estrat\u00e9gicos para la regi\u00f3n.<\/p>\n\n\n\n<figure class=\"wp-block-embed is-type-video is-provider-youtube wp-block-embed-youtube wp-embed-aspect-16-9 wp-has-aspect-ratio\"><div class=\"wp-block-embed__wrapper\">\n<iframe loading=\"lazy\" title=\"\u201cSoy gobernadora, trabajemos por el Valle\u201d Dilian Francisca Toro hace un llamado al Presidente Petro\" width=\"640\" height=\"360\" src=\"https:\/\/www.youtube.com\/embed\/vaTHjCzP9-8?feature=oembed\" frameborder=\"0\" allow=\"accelerometer; autoplay; clipboard-write; encrypted-media; gyroscope; picture-in-picture; web-share\" referrerpolicy=\"strict-origin-when-cross-origin\" allowfullscreen><\/iframe>\n<\/div><\/figure>\n\n\n\n<p>Toro afirm\u00f3 que los comentarios recientes del jefe de Estado no tienen fundamento y reiter\u00f3 que su labor se concentra en la gesti\u00f3n p\u00fablica y el bienestar de los vallecaucanos.<\/p>\n\n\n\n<p>La gobernadora enfatiz\u00f3 que el departamento requiere trabajo articulado con la Naci\u00f3n para sacar adelante proyectos como el Tren de Cercan\u00edas, la profundizaci\u00f3n del canal de Buenaventura y la mejora de los sistemas de agua potable.<\/p>\n\n\n\n<p>\u201cEs mejor que trabajemos juntos, que hagamos los proyectos que necesita el Valle del Cauca. Ese es el trabajo que queremos que haga el Presidente\u201d, puntualiz\u00f3 Toro.<\/p>\n\n\n\n<p>Con un llamado a la serenidad, la mandataria vallecaucana insisti\u00f3 en que el pa\u00eds necesita cooperaci\u00f3n y estabilidad institucional para avanzar.<\/p>\n","protected":false},"excerpt":{"rendered":"<p>En el marco del encuentro nacional de gobernadores, la mandataria del Valle del Cauca, Dilian Francisca Toro, envi\u00f3 un mensaje al presidente Gustavo Petro, solicit\u00e1ndole dejar de lado los se\u00f1alamientos personales y enfocar los esfuerzos en el desarrollo de proyectos estrat\u00e9gicos para la regi\u00f3n. Toro afirm\u00f3 que los comentarios recientes del jefe de Estado no [&hellip;]<\/p>\n","protected":false},"author":3,"featured_media":38871,"comment_status":"open","ping_status":"open","sticky":false,"template":"","format":"video","meta":{"footnotes":""},"categories":[10,1515],"tags":[],"class_list":["post-38833","post","type-post","status-publish","format-video","has-post-thumbnail","hentry","category-cnc-noticias-tulua","category-cnc-tulua","post_format-post-format-video"],"_links":{"self":[{"href":"https:\/\/cnctulua.tv\/index.php?rest_route=\/wp\/v2\/posts\/38833","targetHints":{"allow":["GET"]}}],"collection":[{"href":"https:\/\/cnctulua.tv\/index.php?rest_route=\/wp\/v2\/posts"}],"about":[{"href":"https:\/\/cnctulua.tv\/index.php?rest_route=\/wp\/v2\/types\/post"}],"author":[{"embeddable":true,"href":"https:\/\/cnctulua.tv\/index.php?rest_route=\/wp\/v2\/users\/3"}],"replies":[{"embeddable":true,"href":"https:\/\/cnctulua.tv\/index.php?rest_route=%2Fwp%2Fv2%2Fcomments&post=38833"}],"version-history":[{"count":1,"href":"https:\/\/cnctulua.tv\/index.php?rest_route=\/wp\/v2\/posts\/38833\/revisions"}],"predecessor-version":[{"id":38883,"href":"https:\/\/cnctulua.tv\/index.php?rest_route=\/wp\/v2\/posts\/38833\/revisions\/38883"}],"wp:featuredmedia":[{"embeddable":true,"href":"https:\/\/cnctulua.tv\/index.php?rest_route=\/wp\/v2\/media\/38871"}],"wp:attachment":[{"href":"https:\/\/cnctulua.tv\/index.php?rest_route=%2Fwp%2Fv2%2Fmedia&parent=38833"}],"wp:term":[{"taxonomy":"category","embeddable":true,"href":"https:\/\/cnctulua.tv\/index.php?rest_route=%2Fwp%2Fv2%2Fcategories&post=38833"},{"taxonomy":"post_tag","embeddable":true,"href":"https:\/\/cnctulua.tv\/index.php?rest_route=%2Fwp%2Fv2%2Ftags&post=38833"}],"curies":[{"name":"wp","href":"https:\/\/api.w.org\/{rel}","templated":true}]}}