{"id":38889,"date":"2025-10-31T14:32:01","date_gmt":"2025-10-31T14:32:01","guid":{"rendered":"https:\/\/cnctulua.tv\/?p=38889"},"modified":"2025-10-31T14:32:01","modified_gmt":"2025-10-31T14:32:01","slug":"regresaron-las-olimpiadas-de-matematicas-a-los-colegios-de-tulua","status":"publish","type":"post","link":"https:\/\/cnctulua.tv\/?p=38889","title":{"rendered":"Regresaron las Olimpiadas de Matem\u00e1ticas a los colegios de Tulu\u00e1."},"content":{"rendered":"\n<p>Despu\u00e9s de varios a\u00f1os, Tulu\u00e1 volvi\u00f3 a vivir la emoci\u00f3n de las Olimpiadas de Matem\u00e1ticas, un evento acad\u00e9mico que reuni\u00f3 a estudiantes de instituciones p\u00fablicas y privadas en el marco de la Expociencia Tulu\u00e1 2025.<\/p>\n\n\n\n<figure class=\"wp-block-embed is-type-video is-provider-youtube wp-block-embed-youtube wp-embed-aspect-16-9 wp-has-aspect-ratio\"><div class=\"wp-block-embed__wrapper\">\nhttps:\/\/youtu.be\/ph0AivYNGHw\n<\/div><\/figure>\n\n\n\n<p>La jornada se desarroll\u00f3 en el Colegio Salesiano San Juan Bosco, instituci\u00f3n que dispuso sus instalaciones y herramientas tecnol\u00f3gicas para hacer posible esta competencia de conocimiento y trabajo en equipo.<\/p>\n\n\n\n<figure class=\"wp-block-image size-large\"><img loading=\"lazy\" decoding=\"async\" width=\"1024\" height=\"576\" src=\"https:\/\/cnctulua.tv\/wp-content\/uploads\/2025\/10\/apoyos-OLIMPIADAS-MATEMATICAS-2-1024x576.jpeg\" alt=\"\" class=\"wp-image-38905\" srcset=\"https:\/\/cnctulua.tv\/wp-content\/uploads\/2025\/10\/apoyos-OLIMPIADAS-MATEMATICAS-2-1024x576.jpeg 1024w, https:\/\/cnctulua.tv\/wp-content\/uploads\/2025\/10\/apoyos-OLIMPIADAS-MATEMATICAS-2-300x169.jpeg 300w, https:\/\/cnctulua.tv\/wp-content\/uploads\/2025\/10\/apoyos-OLIMPIADAS-MATEMATICAS-2-768x432.jpeg 768w, https:\/\/cnctulua.tv\/wp-content\/uploads\/2025\/10\/apoyos-OLIMPIADAS-MATEMATICAS-2.jpeg 1280w\" sizes=\"auto, (max-width: 1024px) 100vw, 1024px\" \/><\/figure>\n\n\n\n<p>Durante esta primera fase, las instituciones privadas participaron en rondas clasificatorias, mientras que los colegios p\u00fablicos tendr\u00e1n su turno en los pr\u00f3ximos d\u00edas.<\/p>\n\n\n\n<p>La gran final enfrentar\u00e1 a los mejores equipos de ambos sectores, quienes competir\u00e1n por los primeros lugares y distintos reconocimientos.<\/p>\n\n\n\n<p>El secretario de Educaci\u00f3n, Robert Posada, destac\u00f3 la importancia de promover estos espacios:<\/p>\n\n\n\n<p>\u201cDesde la Administraci\u00f3n del ingeniero Gustavo Adolfo V\u00e9lez Rom\u00e1n, seguimos impulsando estrategias que promueven el talento, la creatividad y el pensamiento l\u00f3gico de nuestros estudiantes.\u201d<\/p>\n\n\n\n<p>Los organizadores resaltaron que el prop\u00f3sito es fomentar la integraci\u00f3n y el amor por las matem\u00e1ticas, promoviendo el esp\u00edritu colaborativo y la excelencia acad\u00e9mica.<\/p>\n","protected":false},"excerpt":{"rendered":"<p>Despu\u00e9s de varios a\u00f1os, Tulu\u00e1 volvi\u00f3 a vivir la emoci\u00f3n de las Olimpiadas de Matem\u00e1ticas, un evento acad\u00e9mico que reuni\u00f3 a estudiantes de instituciones p\u00fablicas y privadas en el marco de la Expociencia Tulu\u00e1 2025. La jornada se desarroll\u00f3 en el Colegio Salesiano San Juan Bosco, instituci\u00f3n que dispuso sus instalaciones y herramientas tecnol\u00f3gicas para [&hellip;]<\/p>\n","protected":false},"author":3,"featured_media":38904,"comment_status":"open","ping_status":"open","sticky":false,"template":"","format":"video","meta":{"footnotes":""},"categories":[1],"tags":[],"class_list":["post-38889","post","type-post","status-publish","format-video","has-post-thumbnail","hentry","category-uncategorized","post_format-post-format-video"],"_links":{"self":[{"href":"https:\/\/cnctulua.tv\/index.php?rest_route=\/wp\/v2\/posts\/38889","targetHints":{"allow":["GET"]}}],"collection":[{"href":"https:\/\/cnctulua.tv\/index.php?rest_route=\/wp\/v2\/posts"}],"about":[{"href":"https:\/\/cnctulua.tv\/index.php?rest_route=\/wp\/v2\/types\/post"}],"author":[{"embeddable":true,"href":"https:\/\/cnctulua.tv\/index.php?rest_route=\/wp\/v2\/users\/3"}],"replies":[{"embeddable":true,"href":"https:\/\/cnctulua.tv\/index.php?rest_route=%2Fwp%2Fv2%2Fcomments&post=38889"}],"version-history":[{"count":1,"href":"https:\/\/cnctulua.tv\/index.php?rest_route=\/wp\/v2\/posts\/38889\/revisions"}],"predecessor-version":[{"id":38906,"href":"https:\/\/cnctulua.tv\/index.php?rest_route=\/wp\/v2\/posts\/38889\/revisions\/38906"}],"wp:featuredmedia":[{"embeddable":true,"href":"https:\/\/cnctulua.tv\/index.php?rest_route=\/wp\/v2\/media\/38904"}],"wp:attachment":[{"href":"https:\/\/cnctulua.tv\/index.php?rest_route=%2Fwp%2Fv2%2Fmedia&parent=38889"}],"wp:term":[{"taxonomy":"category","embeddable":true,"href":"https:\/\/cnctulua.tv\/index.php?rest_route=%2Fwp%2Fv2%2Fcategories&post=38889"},{"taxonomy":"post_tag","embeddable":true,"href":"https:\/\/cnctulua.tv\/index.php?rest_route=%2Fwp%2Fv2%2Ftags&post=38889"}],"curies":[{"name":"wp","href":"https:\/\/api.w.org\/{rel}","templated":true}]}}