{"id":38890,"date":"2025-10-31T14:33:05","date_gmt":"2025-10-31T14:33:05","guid":{"rendered":"https:\/\/cnctulua.tv\/?p=38890"},"modified":"2025-10-31T14:33:05","modified_gmt":"2025-10-31T14:33:05","slug":"tulua-avanza-en-la-construccion-de-la-politica-publica-de-mujeres-y-equidad-de-genero","status":"publish","type":"post","link":"https:\/\/cnctulua.tv\/?p=38890","title":{"rendered":"Tulu\u00e1 avanza en la construcci\u00f3n de la Pol\u00edtica P\u00fablica de Mujeres y Equidad de G\u00e9nero."},"content":{"rendered":"\n<p>En Tulu\u00e1, m\u00e1s de 170 mujeres lideresas de distintos sectores urbanos y rurales han participado en las jornadas de construcci\u00f3n de la Pol\u00edtica P\u00fablica de Mujeres y Equidad de G\u00e9nero, un proceso que busca fortalecer los derechos de las mujeres y promover la igualdad de oportunidades en el municipio.<\/p>\n\n\n\n<figure class=\"wp-block-embed is-type-video is-provider-youtube wp-block-embed-youtube wp-embed-aspect-16-9 wp-has-aspect-ratio\"><div class=\"wp-block-embed__wrapper\">\n<iframe loading=\"lazy\" title=\"\ud83c\udfa5 Tulu\u00e1 avanza en la Pol\u00edtica P\u00fablica de Mujeres y Equidad de G\u00e9nero.\" width=\"640\" height=\"360\" src=\"https:\/\/www.youtube.com\/embed\/8a0R53rQGHs?feature=oembed\" frameborder=\"0\" allow=\"accelerometer; autoplay; clipboard-write; encrypted-media; gyroscope; picture-in-picture; web-share\" referrerpolicy=\"strict-origin-when-cross-origin\" allowfullscreen><\/iframe>\n<\/div><\/figure>\n\n\n\n<p>Las actividades se han desarrollado a trav\u00e9s de mesas de participaci\u00f3n y reflexi\u00f3n, donde las asistentes han compartido sus experiencias, desaf\u00edos y propuestas para avanzar hacia un territorio m\u00e1s justo e incluyente.<\/p>\n\n\n\n<p>La secretaria de Bienestar Social, Karol Ren\u00e9 Ber\u00f3n, destac\u00f3 la importancia de escuchar directamente a las mujeres en este proceso:<\/p>\n\n\n\n<p>\u201cEstamos construyendo la Pol\u00edtica P\u00fablica de la Mujer de la mano con ellas, escuchando sus sue\u00f1os, sus anhelos y c\u00f3mo quieren que Tulu\u00e1 las fortalezca.\u201d<\/p>\n\n\n\n<p>Este importante avance se da bajo el liderazgo de la Administraci\u00f3n del ingeniero Gustavo Adolfo V\u00e9lez Rom\u00e1n, que impulsa pol\u00edticas orientadas al empoderamiento femenino, la participaci\u00f3n ciudadana y la equidad de g\u00e9nero.<\/p>\n\n\n\n<p>Con este proceso, Tulu\u00e1 consolida una hoja de ruta para seguir trabajando por el bienestar, la inclusi\u00f3n y el reconocimiento de las mujeres tulue\u00f1as.<\/p>\n","protected":false},"excerpt":{"rendered":"<p>En Tulu\u00e1, m\u00e1s de 170 mujeres lideresas de distintos sectores urbanos y rurales han participado en las jornadas de construcci\u00f3n de la Pol\u00edtica P\u00fablica de Mujeres y Equidad de G\u00e9nero, un proceso que busca fortalecer los derechos de las mujeres y promover la igualdad de oportunidades en el municipio. Las actividades se han desarrollado a [&hellip;]<\/p>\n","protected":false},"author":3,"featured_media":38907,"comment_status":"open","ping_status":"open","sticky":false,"template":"","format":"video","meta":{"footnotes":""},"categories":[1],"tags":[],"class_list":["post-38890","post","type-post","status-publish","format-video","has-post-thumbnail","hentry","category-uncategorized","post_format-post-format-video"],"_links":{"self":[{"href":"https:\/\/cnctulua.tv\/index.php?rest_route=\/wp\/v2\/posts\/38890","targetHints":{"allow":["GET"]}}],"collection":[{"href":"https:\/\/cnctulua.tv\/index.php?rest_route=\/wp\/v2\/posts"}],"about":[{"href":"https:\/\/cnctulua.tv\/index.php?rest_route=\/wp\/v2\/types\/post"}],"author":[{"embeddable":true,"href":"https:\/\/cnctulua.tv\/index.php?rest_route=\/wp\/v2\/users\/3"}],"replies":[{"embeddable":true,"href":"https:\/\/cnctulua.tv\/index.php?rest_route=%2Fwp%2Fv2%2Fcomments&post=38890"}],"version-history":[{"count":1,"href":"https:\/\/cnctulua.tv\/index.php?rest_route=\/wp\/v2\/posts\/38890\/revisions"}],"predecessor-version":[{"id":38910,"href":"https:\/\/cnctulua.tv\/index.php?rest_route=\/wp\/v2\/posts\/38890\/revisions\/38910"}],"wp:featuredmedia":[{"embeddable":true,"href":"https:\/\/cnctulua.tv\/index.php?rest_route=\/wp\/v2\/media\/38907"}],"wp:attachment":[{"href":"https:\/\/cnctulua.tv\/index.php?rest_route=%2Fwp%2Fv2%2Fmedia&parent=38890"}],"wp:term":[{"taxonomy":"category","embeddable":true,"href":"https:\/\/cnctulua.tv\/index.php?rest_route=%2Fwp%2Fv2%2Fcategories&post=38890"},{"taxonomy":"post_tag","embeddable":true,"href":"https:\/\/cnctulua.tv\/index.php?rest_route=%2Fwp%2Fv2%2Ftags&post=38890"}],"curies":[{"name":"wp","href":"https:\/\/api.w.org\/{rel}","templated":true}]}}