{"id":38891,"date":"2025-10-31T14:33:01","date_gmt":"2025-10-31T14:33:01","guid":{"rendered":"https:\/\/cnctulua.tv\/?p=38891"},"modified":"2025-10-31T14:33:01","modified_gmt":"2025-10-31T14:33:01","slug":"cumbre-de-gobernadores-y-alcaldes-analizo-la-crisis-de-seguridad-en-las-regiones","status":"publish","type":"post","link":"https:\/\/cnctulua.tv\/?p=38891","title":{"rendered":"Cumbre de Gobernadores y Alcaldes analiz\u00f3 la crisis de seguridad en las regiones."},"content":{"rendered":"\n<p>En el marco de la Cumbre de Gobernadores y Alcaldes, convocada por la Federaci\u00f3n Nacional de Departamentos y la gobernadora del Valle del Cauca, Dilian Francisca Toro, mandatarios y expertos en seguridad abordaron la situaci\u00f3n de orden p\u00fablico que atraviesan las regiones del pa\u00eds.<\/p>\n\n\n\n<figure class=\"wp-block-embed is-type-video is-provider-youtube wp-block-embed-youtube wp-embed-aspect-16-9 wp-has-aspect-ratio\"><div class=\"wp-block-embed__wrapper\">\n<iframe loading=\"lazy\" title=\"\ud83c\udfa5 Cumbre de Gobernadores y alcaldes analiz\u00f3 la seguridad en las regiones.\" width=\"640\" height=\"360\" src=\"https:\/\/www.youtube.com\/embed\/_PVagaquta8?feature=oembed\" frameborder=\"0\" allow=\"accelerometer; autoplay; clipboard-write; encrypted-media; gyroscope; picture-in-picture; web-share\" referrerpolicy=\"strict-origin-when-cross-origin\" allowfullscreen><\/iframe>\n<\/div><\/figure>\n\n\n\n<p>El especialista Willy Valdivia asegur\u00f3 que los indicadores y hechos recientes evidencian un deterioro de la seguridad nacional y plantean la necesidad de revisar los resultados del Proceso de Paz Total promovido por el Gobierno Nacional.<\/p>\n\n\n\n<p>\u201cHay un deterioro desde temas cuantitativos, violaciones a los derechos humanos por parte de grupos armados, tanto en zonas urbanas como rurales\u201d, explic\u00f3 Valdivia.<\/p>\n\n\n\n<p>El analista destac\u00f3 adem\u00e1s el papel del Centro de Gesti\u00f3n, Emergencias y Seguridad (CGES) de la Gobernaci\u00f3n del Valle, como una herramienta pionera para la recolecci\u00f3n y an\u00e1lisis de informaci\u00f3n que fortalece la toma de decisiones estrat\u00e9gicas frente al crimen.<\/p>\n\n\n\n<p>Durante la cumbre, los mandatarios coincidieron en la urgencia de fortalecer la articulaci\u00f3n regional y el respaldo del Gobierno Nacional para garantizar la seguridad y la convivencia en los territorios.<\/p>\n\n\n\n<p>Con este encuentro, el Valle del Cauca reafirma su liderazgo en la b\u00fasqueda de soluciones efectivas que contribuyan a la paz y la protecci\u00f3n de las comunidades.<\/p>\n","protected":false},"excerpt":{"rendered":"<p>En el marco de la Cumbre de Gobernadores y Alcaldes, convocada por la Federaci\u00f3n Nacional de Departamentos y la gobernadora del Valle del Cauca, Dilian Francisca Toro, mandatarios y expertos en seguridad abordaron la situaci\u00f3n de orden p\u00fablico que atraviesan las regiones del pa\u00eds. El especialista Willy Valdivia asegur\u00f3 que los indicadores y hechos recientes [&hellip;]<\/p>\n","protected":false},"author":3,"featured_media":38908,"comment_status":"open","ping_status":"open","sticky":false,"template":"","format":"video","meta":{"footnotes":""},"categories":[1],"tags":[],"class_list":["post-38891","post","type-post","status-publish","format-video","has-post-thumbnail","hentry","category-uncategorized","post_format-post-format-video"],"_links":{"self":[{"href":"https:\/\/cnctulua.tv\/index.php?rest_route=\/wp\/v2\/posts\/38891","targetHints":{"allow":["GET"]}}],"collection":[{"href":"https:\/\/cnctulua.tv\/index.php?rest_route=\/wp\/v2\/posts"}],"about":[{"href":"https:\/\/cnctulua.tv\/index.php?rest_route=\/wp\/v2\/types\/post"}],"author":[{"embeddable":true,"href":"https:\/\/cnctulua.tv\/index.php?rest_route=\/wp\/v2\/users\/3"}],"replies":[{"embeddable":true,"href":"https:\/\/cnctulua.tv\/index.php?rest_route=%2Fwp%2Fv2%2Fcomments&post=38891"}],"version-history":[{"count":1,"href":"https:\/\/cnctulua.tv\/index.php?rest_route=\/wp\/v2\/posts\/38891\/revisions"}],"predecessor-version":[{"id":38909,"href":"https:\/\/cnctulua.tv\/index.php?rest_route=\/wp\/v2\/posts\/38891\/revisions\/38909"}],"wp:featuredmedia":[{"embeddable":true,"href":"https:\/\/cnctulua.tv\/index.php?rest_route=\/wp\/v2\/media\/38908"}],"wp:attachment":[{"href":"https:\/\/cnctulua.tv\/index.php?rest_route=%2Fwp%2Fv2%2Fmedia&parent=38891"}],"wp:term":[{"taxonomy":"category","embeddable":true,"href":"https:\/\/cnctulua.tv\/index.php?rest_route=%2Fwp%2Fv2%2Fcategories&post=38891"},{"taxonomy":"post_tag","embeddable":true,"href":"https:\/\/cnctulua.tv\/index.php?rest_route=%2Fwp%2Fv2%2Ftags&post=38891"}],"curies":[{"name":"wp","href":"https:\/\/api.w.org\/{rel}","templated":true}]}}