{"id":38900,"date":"2025-10-31T16:31:38","date_gmt":"2025-10-31T16:31:38","guid":{"rendered":"https:\/\/cnctulua.tv\/?p=38900"},"modified":"2025-10-31T16:31:38","modified_gmt":"2025-10-31T16:31:38","slug":"foro-mujeres-que-deciden-un-llamado-contra-la-violencia-politica-hacia-la-mujer","status":"publish","type":"post","link":"https:\/\/cnctulua.tv\/?p=38900","title":{"rendered":"Foro \u201cMujeres que Deciden\u201d: un llamado contra la violencia pol\u00edtica hacia la mujer."},"content":{"rendered":"\n<p>El pr\u00f3ximo 10 de noviembre, la Uni\u00f3n de Ciudadanas de Colombia llevar\u00e1 a cabo el foro \u201cMujeres que Deciden: Liderazgo en tiempos de cambio\u201d, un encuentro gratuito que se realizar\u00e1 desde las 9:00 a.m. en el Auditorio Jos\u00e9 Fernando Arroyo Valencia de la Escuela Nacional del Deporte.<\/p>\n\n\n\n<figure class=\"wp-block-embed is-type-video is-provider-youtube wp-block-embed-youtube wp-embed-aspect-16-9 wp-has-aspect-ratio\"><div class=\"wp-block-embed__wrapper\">\n<iframe loading=\"lazy\" title=\"\ud83c\udfa5 Foro \u201cMujeres que Deciden: Liderazgo en tiempos de cambio\u201d\" width=\"640\" height=\"360\" src=\"https:\/\/www.youtube.com\/embed\/3LqKGcrGg_o?feature=oembed\" frameborder=\"0\" allow=\"accelerometer; autoplay; clipboard-write; encrypted-media; gyroscope; picture-in-picture; web-share\" referrerpolicy=\"strict-origin-when-cross-origin\" allowfullscreen><\/iframe>\n<\/div><\/figure>\n\n\n\n<p>El evento busca abrir un espacio de reflexi\u00f3n frente a la violencia pol\u00edtica contra las mujeres, un fen\u00f3meno que, seg\u00fan los organizadores, ha aumentado con la exposici\u00f3n p\u00fablica y las din\u00e1micas del entorno digital.<\/p>\n\n\n\n<p>\u201cLo que vamos a plantear es el tema de violencia contra la mujer en el \u00e1mbito pol\u00edtico desde muchos enfoques: c\u00f3mo pasan las cosas en los partidos, en las elecciones y c\u00f3mo las mujeres enfrentan el poder en esta era digital\u201d, explic\u00f3 Yajaira Gaviria Almeida, coordinadora del foro.<\/p>\n\n\n\n<p>Durante la jornada se presentar\u00e1n ponencias y paneles con mujeres l\u00edderes, congresistas, alcaldesas, concejalas y representantes de movimientos sociales.<\/p>\n\n\n\n<p>Entre las invitadas est\u00e1n Lina Bocelli, directora del Observatorio de G\u00e9nero de la Universidad Icesi; Nayibe Paiva, de la Ruta Pac\u00edfica de las Mujeres; y Mar\u00eda Teresa Arizabaleta, de 93 a\u00f1os, \u00fanica sobreviviente de las diez pioneras que impulsaron el voto femenino en Colombia hace siete d\u00e9cadas.<\/p>\n\n\n\n<p>Adem\u00e1s, se contar\u00e1 con la participaci\u00f3n de la gobernadora Dilian Francisca Toro, quien compartir\u00e1 su experiencia como mujer en la pol\u00edtica y su compromiso con la equidad de g\u00e9nero.<\/p>\n\n\n\n<p>El foro est\u00e1 dirigido a mujeres l\u00edderes, integrantes de juntas de acci\u00f3n comunal, estudiantes y ciudadan\u00eda interesada en promover un ejercicio pol\u00edtico libre de violencia y discriminaci\u00f3n.<\/p>\n","protected":false},"excerpt":{"rendered":"<p>El pr\u00f3ximo 10 de noviembre, la Uni\u00f3n de Ciudadanas de Colombia llevar\u00e1 a cabo el foro \u201cMujeres que Deciden: Liderazgo en tiempos de cambio\u201d, un encuentro gratuito que se realizar\u00e1 desde las 9:00 a.m. en el Auditorio Jos\u00e9 Fernando Arroyo Valencia de la Escuela Nacional del Deporte. El evento busca abrir un espacio de reflexi\u00f3n [&hellip;]<\/p>\n","protected":false},"author":3,"featured_media":38929,"comment_status":"open","ping_status":"open","sticky":false,"template":"","format":"video","meta":{"footnotes":""},"categories":[1],"tags":[],"class_list":["post-38900","post","type-post","status-publish","format-video","has-post-thumbnail","hentry","category-uncategorized","post_format-post-format-video"],"_links":{"self":[{"href":"https:\/\/cnctulua.tv\/index.php?rest_route=\/wp\/v2\/posts\/38900","targetHints":{"allow":["GET"]}}],"collection":[{"href":"https:\/\/cnctulua.tv\/index.php?rest_route=\/wp\/v2\/posts"}],"about":[{"href":"https:\/\/cnctulua.tv\/index.php?rest_route=\/wp\/v2\/types\/post"}],"author":[{"embeddable":true,"href":"https:\/\/cnctulua.tv\/index.php?rest_route=\/wp\/v2\/users\/3"}],"replies":[{"embeddable":true,"href":"https:\/\/cnctulua.tv\/index.php?rest_route=%2Fwp%2Fv2%2Fcomments&post=38900"}],"version-history":[{"count":1,"href":"https:\/\/cnctulua.tv\/index.php?rest_route=\/wp\/v2\/posts\/38900\/revisions"}],"predecessor-version":[{"id":38930,"href":"https:\/\/cnctulua.tv\/index.php?rest_route=\/wp\/v2\/posts\/38900\/revisions\/38930"}],"wp:featuredmedia":[{"embeddable":true,"href":"https:\/\/cnctulua.tv\/index.php?rest_route=\/wp\/v2\/media\/38929"}],"wp:attachment":[{"href":"https:\/\/cnctulua.tv\/index.php?rest_route=%2Fwp%2Fv2%2Fmedia&parent=38900"}],"wp:term":[{"taxonomy":"category","embeddable":true,"href":"https:\/\/cnctulua.tv\/index.php?rest_route=%2Fwp%2Fv2%2Fcategories&post=38900"},{"taxonomy":"post_tag","embeddable":true,"href":"https:\/\/cnctulua.tv\/index.php?rest_route=%2Fwp%2Fv2%2Ftags&post=38900"}],"curies":[{"name":"wp","href":"https:\/\/api.w.org\/{rel}","templated":true}]}}