{"id":38901,"date":"2025-10-31T17:00:55","date_gmt":"2025-10-31T17:00:55","guid":{"rendered":"https:\/\/cnctulua.tv\/?p=38901"},"modified":"2025-10-31T17:00:55","modified_gmt":"2025-10-31T17:00:55","slug":"buga-adopta-medidas-especiales-por-halloween-a-traves-del-decreto-dam-1100-140-2025","status":"publish","type":"post","link":"https:\/\/cnctulua.tv\/?p=38901","title":{"rendered":"Buga adopta medidas especiales por Halloween a trav\u00e9s del Decreto DAM-1100-140-2025."},"content":{"rendered":"\n<p>La Alcald\u00eda de Guadalajara de Buga emiti\u00f3 el Decreto DAM-1100-140-2025 del 15 de octubre de 2025, mediante el cual se implementan medidas especiales de prevenci\u00f3n y control para el 31 de octubre, fecha en la que se celebra tradicionalmente el D\u00eda de los Ni\u00f1os.<\/p>\n\n\n\n<figure class=\"wp-block-embed is-type-video is-provider-youtube wp-block-embed-youtube wp-embed-aspect-16-9 wp-has-aspect-ratio\"><div class=\"wp-block-embed__wrapper\">\nhttps:\/\/youtu.be\/JS1V_6HwPhc\n<\/div><\/figure>\n\n\n\n<p>El documento establece lineamientos enfocados en proteger la integridad y el bienestar de los menores de edad, as\u00ed como en mantener el orden p\u00fablico y la convivencia ciudadana durante las actividades programadas en diferentes puntos de la ciudad.<\/p>\n\n\n\n<p>Las medidas incluyen la presencia de autoridades en zonas concurridas, controles de tr\u00e1nsito, acompa\u00f1amiento de organismos de socorro y campa\u00f1as de sensibilizaci\u00f3n sobre el consumo responsable de dulces y alimentos.<\/p>\n\n\n\n<p>\u201cBuscamos garantizar que la jornada se viva con alegr\u00eda, pero tambi\u00e9n con responsabilidad. La prioridad es la seguridad de los ni\u00f1os y ni\u00f1as de Buga\u201d, indicaron representantes de la Administraci\u00f3n Municipal.<\/p>\n\n\n\n<p>La Alcald\u00eda hizo un llamado a la comunidad a seguir las recomendaciones oficiales, participar en familia y contribuir a una celebraci\u00f3n pac\u00edfica y segura.<\/p>\n","protected":false},"excerpt":{"rendered":"<p>La Alcald\u00eda de Guadalajara de Buga emiti\u00f3 el Decreto DAM-1100-140-2025 del 15 de octubre de 2025, mediante el cual se implementan medidas especiales de prevenci\u00f3n y control para el 31 de octubre, fecha en la que se celebra tradicionalmente el D\u00eda de los Ni\u00f1os. El documento establece lineamientos enfocados en proteger la integridad y el [&hellip;]<\/p>\n","protected":false},"author":3,"featured_media":38935,"comment_status":"open","ping_status":"open","sticky":false,"template":"","format":"video","meta":{"footnotes":""},"categories":[1],"tags":[],"class_list":["post-38901","post","type-post","status-publish","format-video","has-post-thumbnail","hentry","category-uncategorized","post_format-post-format-video"],"_links":{"self":[{"href":"https:\/\/cnctulua.tv\/index.php?rest_route=\/wp\/v2\/posts\/38901","targetHints":{"allow":["GET"]}}],"collection":[{"href":"https:\/\/cnctulua.tv\/index.php?rest_route=\/wp\/v2\/posts"}],"about":[{"href":"https:\/\/cnctulua.tv\/index.php?rest_route=\/wp\/v2\/types\/post"}],"author":[{"embeddable":true,"href":"https:\/\/cnctulua.tv\/index.php?rest_route=\/wp\/v2\/users\/3"}],"replies":[{"embeddable":true,"href":"https:\/\/cnctulua.tv\/index.php?rest_route=%2Fwp%2Fv2%2Fcomments&post=38901"}],"version-history":[{"count":1,"href":"https:\/\/cnctulua.tv\/index.php?rest_route=\/wp\/v2\/posts\/38901\/revisions"}],"predecessor-version":[{"id":38936,"href":"https:\/\/cnctulua.tv\/index.php?rest_route=\/wp\/v2\/posts\/38901\/revisions\/38936"}],"wp:featuredmedia":[{"embeddable":true,"href":"https:\/\/cnctulua.tv\/index.php?rest_route=\/wp\/v2\/media\/38935"}],"wp:attachment":[{"href":"https:\/\/cnctulua.tv\/index.php?rest_route=%2Fwp%2Fv2%2Fmedia&parent=38901"}],"wp:term":[{"taxonomy":"category","embeddable":true,"href":"https:\/\/cnctulua.tv\/index.php?rest_route=%2Fwp%2Fv2%2Fcategories&post=38901"},{"taxonomy":"post_tag","embeddable":true,"href":"https:\/\/cnctulua.tv\/index.php?rest_route=%2Fwp%2Fv2%2Ftags&post=38901"}],"curies":[{"name":"wp","href":"https:\/\/api.w.org\/{rel}","templated":true}]}}