{"id":38911,"date":"2025-10-31T14:51:02","date_gmt":"2025-10-31T14:51:02","guid":{"rendered":"https:\/\/cnctulua.tv\/?p=38911"},"modified":"2025-10-31T14:51:02","modified_gmt":"2025-10-31T14:51:02","slug":"gobernadores-firman-manifiesto-por-la-unidad-territorial-y-la-seguridad-regional","status":"publish","type":"post","link":"https:\/\/cnctulua.tv\/?p=38911","title":{"rendered":"Gobernadores firman Manifiesto por la Unidad Territorial y la Seguridad Regional."},"content":{"rendered":"\n<p>En el marco del Encuentro de Gobernadores y Alcaldes por la Unidad Territorial y la Seguridad Regional, realizado en Santiago de Cali, los mandatarios del pa\u00eds presentaron un manifiesto conjunto dirigido al presidente Gustavo Petro, en el que exponen las principales necesidades de las regiones frente a la crisis de seguridad nacional.<\/p>\n\n\n\n<figure class=\"wp-block-embed is-type-video is-provider-youtube wp-block-embed-youtube wp-embed-aspect-16-9 wp-has-aspect-ratio\"><div class=\"wp-block-embed__wrapper\">\n<iframe loading=\"lazy\" title=\"\ud83c\udfa5 Gobernadores firman Manifiesto por la Unidad Territorial y la Seguridad Regional. \ud83d\udd4a\ufe0f\" width=\"640\" height=\"360\" src=\"https:\/\/www.youtube.com\/embed\/NyrVUWcxqB8?feature=oembed\" frameborder=\"0\" allow=\"accelerometer; autoplay; clipboard-write; encrypted-media; gyroscope; picture-in-picture; web-share\" referrerpolicy=\"strict-origin-when-cross-origin\" allowfullscreen><\/iframe>\n<\/div><\/figure>\n\n\n\n<p>El documento, integrado por ocho puntos, solicita al Gobierno Nacional redefinir la pol\u00edtica de Paz Total, aumentar el presupuesto del sector defensa, fortalecer la inteligencia de la Fuerza P\u00fablica, y garantizar elecciones seguras en 2026.<\/p>\n\n\n\n<figure class=\"wp-block-image size-large\"><img loading=\"lazy\" decoding=\"async\" width=\"1024\" height=\"703\" src=\"https:\/\/cnctulua.tv\/wp-content\/uploads\/2025\/10\/apoyos-UNIDAD-TERRITORIAL-Y-LA-SEGURIDAD-REGIONAL-4-1024x703.jpeg\" alt=\"\" class=\"wp-image-38914\" srcset=\"https:\/\/cnctulua.tv\/wp-content\/uploads\/2025\/10\/apoyos-UNIDAD-TERRITORIAL-Y-LA-SEGURIDAD-REGIONAL-4-1024x703.jpeg 1024w, https:\/\/cnctulua.tv\/wp-content\/uploads\/2025\/10\/apoyos-UNIDAD-TERRITORIAL-Y-LA-SEGURIDAD-REGIONAL-4-300x206.jpeg 300w, https:\/\/cnctulua.tv\/wp-content\/uploads\/2025\/10\/apoyos-UNIDAD-TERRITORIAL-Y-LA-SEGURIDAD-REGIONAL-4-768x527.jpeg 768w, https:\/\/cnctulua.tv\/wp-content\/uploads\/2025\/10\/apoyos-UNIDAD-TERRITORIAL-Y-LA-SEGURIDAD-REGIONAL-4.jpeg 1280w\" sizes=\"auto, (max-width: 1024px) 100vw, 1024px\" \/><\/figure>\n\n\n\n<p>La gobernadora Dilian Francisca Toro subray\u00f3 la importancia de una estrategia unificada que integre Ej\u00e9rcito, Polic\u00eda y autoridades locales para crear corredores seguros y operaciones conjuntas que sean evaluadas peri\u00f3dicamente.<\/p>\n\n\n\n<p>Por su parte, el ministro de Defensa, Pedro S\u00e1nchez, destac\u00f3 el compromiso de las regiones con la seguridad y anunci\u00f3 una inversi\u00f3n de un bill\u00f3n de pesos para fortalecer las capacidades tecnol\u00f3gicas y de inteligencia de las fuerzas militares.<\/p>\n\n\n\n<p>El manifiesto tambi\u00e9n advierte sobre el incremento de los cultivos il\u00edcitos en zonas de manejo especial y pide una intervenci\u00f3n interinstitucional que combine justicia, inversi\u00f3n social y desarrollo econ\u00f3mico.<\/p>\n\n\n\n<p>Los mandatarios coincidieron en que la soberan\u00eda y la seguridad no pueden ser negociables, reafirmando que las regiones son el primer frente de defensa de la paz y el futuro del pa\u00eds.<\/p>\n","protected":false},"excerpt":{"rendered":"<p>En el marco del Encuentro de Gobernadores y Alcaldes por la Unidad Territorial y la Seguridad Regional, realizado en Santiago de Cali, los mandatarios del pa\u00eds presentaron un manifiesto conjunto dirigido al presidente Gustavo Petro, en el que exponen las principales necesidades de las regiones frente a la crisis de seguridad nacional. El documento, integrado [&hellip;]<\/p>\n","protected":false},"author":3,"featured_media":38913,"comment_status":"open","ping_status":"open","sticky":false,"template":"","format":"video","meta":{"footnotes":""},"categories":[1],"tags":[],"class_list":["post-38911","post","type-post","status-publish","format-video","has-post-thumbnail","hentry","category-uncategorized","post_format-post-format-video"],"_links":{"self":[{"href":"https:\/\/cnctulua.tv\/index.php?rest_route=\/wp\/v2\/posts\/38911","targetHints":{"allow":["GET"]}}],"collection":[{"href":"https:\/\/cnctulua.tv\/index.php?rest_route=\/wp\/v2\/posts"}],"about":[{"href":"https:\/\/cnctulua.tv\/index.php?rest_route=\/wp\/v2\/types\/post"}],"author":[{"embeddable":true,"href":"https:\/\/cnctulua.tv\/index.php?rest_route=\/wp\/v2\/users\/3"}],"replies":[{"embeddable":true,"href":"https:\/\/cnctulua.tv\/index.php?rest_route=%2Fwp%2Fv2%2Fcomments&post=38911"}],"version-history":[{"count":1,"href":"https:\/\/cnctulua.tv\/index.php?rest_route=\/wp\/v2\/posts\/38911\/revisions"}],"predecessor-version":[{"id":38918,"href":"https:\/\/cnctulua.tv\/index.php?rest_route=\/wp\/v2\/posts\/38911\/revisions\/38918"}],"wp:featuredmedia":[{"embeddable":true,"href":"https:\/\/cnctulua.tv\/index.php?rest_route=\/wp\/v2\/media\/38913"}],"wp:attachment":[{"href":"https:\/\/cnctulua.tv\/index.php?rest_route=%2Fwp%2Fv2%2Fmedia&parent=38911"}],"wp:term":[{"taxonomy":"category","embeddable":true,"href":"https:\/\/cnctulua.tv\/index.php?rest_route=%2Fwp%2Fv2%2Fcategories&post=38911"},{"taxonomy":"post_tag","embeddable":true,"href":"https:\/\/cnctulua.tv\/index.php?rest_route=%2Fwp%2Fv2%2Ftags&post=38911"}],"curies":[{"name":"wp","href":"https:\/\/api.w.org\/{rel}","templated":true}]}}