{"id":38940,"date":"2025-11-04T17:32:24","date_gmt":"2025-11-04T17:32:24","guid":{"rendered":"https:\/\/cnctulua.tv\/?p=38940"},"modified":"2025-11-04T17:32:24","modified_gmt":"2025-11-04T17:32:24","slug":"campesinos-e-indigenas-mantienen-movilizacion-en-la-zona-rural-de-tulua","status":"publish","type":"post","link":"https:\/\/cnctulua.tv\/?p=38940","title":{"rendered":"Campesinos e ind\u00edgenas mantienen movilizaci\u00f3n en la zona rural de Tulu\u00e1."},"content":{"rendered":"\n<p>La tensi\u00f3n aumenta en la zona alta y media monta\u00f1a de Tulu\u00e1, donde comunidades campesinas e ind\u00edgenas protagonizan desde el fin de semana una movilizaci\u00f3n que busca la intervenci\u00f3n del Gobierno Nacional frente al modelo de adjudicaci\u00f3n de tierras de la Agencia Nacional de Tierras.<\/p>\n\n\n\n<figure class=\"wp-block-embed is-type-video is-provider-youtube wp-block-embed-youtube wp-embed-aspect-16-9 wp-has-aspect-ratio\"><div class=\"wp-block-embed__wrapper\">\n<iframe loading=\"lazy\" title=\"Conflicto por tierras en Tulu\u00e1: Campesinos e ind\u00edgenas buscan di\u00e1logo con el Gobierno. \ud83e\udd1d\ud83c\udf04\" width=\"640\" height=\"360\" src=\"https:\/\/www.youtube.com\/embed\/Qtd7w4e8LQM?feature=oembed\" frameborder=\"0\" allow=\"accelerometer; autoplay; clipboard-write; encrypted-media; gyroscope; picture-in-picture; web-share\" referrerpolicy=\"strict-origin-when-cross-origin\" allowfullscreen><\/iframe>\n<\/div><\/figure>\n\n\n\n<p>El secretario de Gobierno de Tulu\u00e1, Jos\u00e9 Mart\u00edn Hincapi\u00e9 \u00c1lvarez, explic\u00f3 que los campesinos reclaman que las tierras que hist\u00f3ricamente han habitado y defendido est\u00e1n siendo destinadas a comunidades ind\u00edgenas del Cauca.<\/p>\n\n\n\n<p>\u201cEs una situaci\u00f3n delicada que requiere la intervenci\u00f3n urgente de la Naci\u00f3n. Los campesinos piden ser escuchados, pues muchos de ellos no poseen tierras pese a haber vivido toda su vida en la zona\u201d, se\u00f1al\u00f3 el funcionario.<\/p>\n\n\n\n<p>De acuerdo con la administraci\u00f3n municipal, m\u00e1s de 3.000 personas se encuentran concentradas en el sector de San Rafael, lo que ha afectado la movilidad en algunos tramos.<\/p>\n\n\n\n<p>Las autoridades locales han hecho presencia en el lugar junto con la Polic\u00eda Nacional para garantizar la seguridad y prevenir alteraciones del orden p\u00fablico.<\/p>\n\n\n\n<p>El funcionario agreg\u00f3 que los municipios de Andaluc\u00eda y Bugalagrande tambi\u00e9n registran situaciones similares, lo que refleja una problem\u00e1tica extendida en varias zonas del Valle del Cauca.<\/p>\n\n\n\n<p>\u201cEsperamos que la Agencia Nacional de Tierras instale una mesa t\u00e9cnica nacional que permita construir acuerdos entre las partes y se priorice el di\u00e1logo\u201d, afirm\u00f3 Hincapi\u00e9 \u00c1lvarez.<\/p>\n\n\n\n<p>El Gobierno municipal insisti\u00f3 en que cualquier uso de la fuerza ser\u00eda riesgoso y reiter\u00f3 su llamado a la prudencia y la concertaci\u00f3n como v\u00eda para resolver el conflicto.<\/p>\n","protected":false},"excerpt":{"rendered":"<p>La tensi\u00f3n aumenta en la zona alta y media monta\u00f1a de Tulu\u00e1, donde comunidades campesinas e ind\u00edgenas protagonizan desde el fin de semana una movilizaci\u00f3n que busca la intervenci\u00f3n del Gobierno Nacional frente al modelo de adjudicaci\u00f3n de tierras de la Agencia Nacional de Tierras. El secretario de Gobierno de Tulu\u00e1, Jos\u00e9 Mart\u00edn Hincapi\u00e9 \u00c1lvarez, [&hellip;]<\/p>\n","protected":false},"author":3,"featured_media":38961,"comment_status":"open","ping_status":"open","sticky":false,"template":"","format":"video","meta":{"footnotes":""},"categories":[10,1515],"tags":[],"class_list":["post-38940","post","type-post","status-publish","format-video","has-post-thumbnail","hentry","category-cnc-noticias-tulua","category-cnc-tulua","post_format-post-format-video"],"_links":{"self":[{"href":"https:\/\/cnctulua.tv\/index.php?rest_route=\/wp\/v2\/posts\/38940","targetHints":{"allow":["GET"]}}],"collection":[{"href":"https:\/\/cnctulua.tv\/index.php?rest_route=\/wp\/v2\/posts"}],"about":[{"href":"https:\/\/cnctulua.tv\/index.php?rest_route=\/wp\/v2\/types\/post"}],"author":[{"embeddable":true,"href":"https:\/\/cnctulua.tv\/index.php?rest_route=\/wp\/v2\/users\/3"}],"replies":[{"embeddable":true,"href":"https:\/\/cnctulua.tv\/index.php?rest_route=%2Fwp%2Fv2%2Fcomments&post=38940"}],"version-history":[{"count":1,"href":"https:\/\/cnctulua.tv\/index.php?rest_route=\/wp\/v2\/posts\/38940\/revisions"}],"predecessor-version":[{"id":38966,"href":"https:\/\/cnctulua.tv\/index.php?rest_route=\/wp\/v2\/posts\/38940\/revisions\/38966"}],"wp:featuredmedia":[{"embeddable":true,"href":"https:\/\/cnctulua.tv\/index.php?rest_route=\/wp\/v2\/media\/38961"}],"wp:attachment":[{"href":"https:\/\/cnctulua.tv\/index.php?rest_route=%2Fwp%2Fv2%2Fmedia&parent=38940"}],"wp:term":[{"taxonomy":"category","embeddable":true,"href":"https:\/\/cnctulua.tv\/index.php?rest_route=%2Fwp%2Fv2%2Fcategories&post=38940"},{"taxonomy":"post_tag","embeddable":true,"href":"https:\/\/cnctulua.tv\/index.php?rest_route=%2Fwp%2Fv2%2Ftags&post=38940"}],"curies":[{"name":"wp","href":"https:\/\/api.w.org\/{rel}","templated":true}]}}