{"id":38951,"date":"2025-11-04T18:33:00","date_gmt":"2025-11-04T18:33:00","guid":{"rendered":"https:\/\/cnctulua.tv\/?p=38951"},"modified":"2025-11-04T18:35:01","modified_gmt":"2025-11-04T18:35:01","slug":"dia-de-los-ninos-lleno-de-color-y-union-en-la-terminal-de-transporte-de-tulua","status":"publish","type":"post","link":"https:\/\/cnctulua.tv\/?p=38951","title":{"rendered":"D\u00eda de los Ni\u00f1os lleno de color y uni\u00f3n en la Terminal de Transporte de Tulu\u00e1."},"content":{"rendered":"\n<p>La Terminal de Transporte de Tulu\u00e1 se visti\u00f3 de alegr\u00eda durante la celebraci\u00f3n del D\u00eda de los Ni\u00f1os, un evento organizado por la gerencia para fomentar la uni\u00f3n familiar entre funcionarios, conductores, taxistas y comerciantes.<\/p>\n\n\n\n<figure class=\"wp-block-embed is-provider-youtube wp-block-embed-youtube\"><div class=\"wp-block-embed__wrapper\">\nhttps:\/\/youtu.be\/cu6yDXwgCR8\n<\/div><\/figure>\n\n\n\n<p>El espacio cont\u00f3 con actividades l\u00fadicas, m\u00fasica, dulces y disfraces, que llenaron de sonrisas a los m\u00e1s peque\u00f1os.<\/p>\n\n\n\n<p>Alejandra Ospina Restrepo, una de las participantes, expres\u00f3 su emoci\u00f3n:<\/p>\n\n\n\n<p>\u201cMe disfrac\u00e9 de Moana porque me encant\u00f3 la pel\u00edcula. Me gust\u00f3 mucho que nos invitaran a comer dulces. Gracias Terminal, los quiero mucho.\u201d<\/p>\n\n\n\n<figure class=\"wp-block-image size-large\"><img loading=\"lazy\" decoding=\"async\" width=\"1024\" height=\"444\" src=\"https:\/\/cnctulua.tv\/wp-content\/uploads\/2025\/11\/dia-del-nino-1024x444.png\" alt=\"\" class=\"wp-image-38973\" srcset=\"https:\/\/cnctulua.tv\/wp-content\/uploads\/2025\/11\/dia-del-nino-1024x444.png 1024w, https:\/\/cnctulua.tv\/wp-content\/uploads\/2025\/11\/dia-del-nino-300x130.png 300w, https:\/\/cnctulua.tv\/wp-content\/uploads\/2025\/11\/dia-del-nino-768x333.png 768w, https:\/\/cnctulua.tv\/wp-content\/uploads\/2025\/11\/dia-del-nino.png 1115w\" sizes=\"auto, (max-width: 1024px) 100vw, 1024px\" \/><\/figure>\n\n\n\n<p>Los padres de familia agradecieron la iniciativa.<\/p>\n\n\n\n<p>Katherine Arenas Ortiz, trabajadora del local de bocados en la Terminal, afirm\u00f3:<\/p>\n\n\n\n<p>\u201cMe agrada mucho que la administraci\u00f3n haya abierto este espacio para compartir con los ni\u00f1os. Hemos pasado un rato muy agradable.\u201d<\/p>\n\n\n\n<p>Por su parte, Cristian Camilo Ayala, del \u00e1rea de seguridad, resalt\u00f3 la gesti\u00f3n de la gerente Libia Fernanda Pasmin:<\/p>\n\n\n\n<p>\u201cVer a los ni\u00f1os felices es algo especial. Agradecemos a la doctora por fomentar estos espacios y permitirnos compartir en familia.\u201d<\/p>\n\n\n\n<p>De igual forma, Natalia Quesada Morales destac\u00f3 que estos encuentros refuerzan los lazos entre los empleados:<\/p>\n\n\n\n<p>\u201cEs muy bonito porque los ni\u00f1os comparten y se divierten mucho.\u201d<\/p>\n\n\n\n<p>La jornada fue un reflejo del compromiso de la Terminal con el bienestar de su comunidad laboral y con la promoci\u00f3n de valores como la uni\u00f3n, la convivencia y la alegr\u00eda.<\/p>\n","protected":false},"excerpt":{"rendered":"<p>La Terminal de Transporte de Tulu\u00e1 se visti\u00f3 de alegr\u00eda durante la celebraci\u00f3n del D\u00eda de los Ni\u00f1os, un evento organizado por la gerencia para fomentar la uni\u00f3n familiar entre funcionarios, conductores, taxistas y comerciantes. El espacio cont\u00f3 con actividades l\u00fadicas, m\u00fasica, dulces y disfraces, que llenaron de sonrisas a los m\u00e1s peque\u00f1os. Alejandra Ospina [&hellip;]<\/p>\n","protected":false},"author":3,"featured_media":38963,"comment_status":"open","ping_status":"open","sticky":false,"template":"","format":"video","meta":{"footnotes":""},"categories":[10,1515],"tags":[],"class_list":["post-38951","post","type-post","status-publish","format-video","has-post-thumbnail","hentry","category-cnc-noticias-tulua","category-cnc-tulua","post_format-post-format-video"],"_links":{"self":[{"href":"https:\/\/cnctulua.tv\/index.php?rest_route=\/wp\/v2\/posts\/38951","targetHints":{"allow":["GET"]}}],"collection":[{"href":"https:\/\/cnctulua.tv\/index.php?rest_route=\/wp\/v2\/posts"}],"about":[{"href":"https:\/\/cnctulua.tv\/index.php?rest_route=\/wp\/v2\/types\/post"}],"author":[{"embeddable":true,"href":"https:\/\/cnctulua.tv\/index.php?rest_route=\/wp\/v2\/users\/3"}],"replies":[{"embeddable":true,"href":"https:\/\/cnctulua.tv\/index.php?rest_route=%2Fwp%2Fv2%2Fcomments&post=38951"}],"version-history":[{"count":3,"href":"https:\/\/cnctulua.tv\/index.php?rest_route=\/wp\/v2\/posts\/38951\/revisions"}],"predecessor-version":[{"id":38976,"href":"https:\/\/cnctulua.tv\/index.php?rest_route=\/wp\/v2\/posts\/38951\/revisions\/38976"}],"wp:featuredmedia":[{"embeddable":true,"href":"https:\/\/cnctulua.tv\/index.php?rest_route=\/wp\/v2\/media\/38963"}],"wp:attachment":[{"href":"https:\/\/cnctulua.tv\/index.php?rest_route=%2Fwp%2Fv2%2Fmedia&parent=38951"}],"wp:term":[{"taxonomy":"category","embeddable":true,"href":"https:\/\/cnctulua.tv\/index.php?rest_route=%2Fwp%2Fv2%2Fcategories&post=38951"},{"taxonomy":"post_tag","embeddable":true,"href":"https:\/\/cnctulua.tv\/index.php?rest_route=%2Fwp%2Fv2%2Ftags&post=38951"}],"curies":[{"name":"wp","href":"https:\/\/api.w.org\/{rel}","templated":true}]}}