{"id":38952,"date":"2025-11-04T18:35:09","date_gmt":"2025-11-04T18:35:09","guid":{"rendered":"https:\/\/cnctulua.tv\/?p=38952"},"modified":"2025-11-04T18:35:09","modified_gmt":"2025-11-04T18:35:09","slug":"terminal-de-tulua-fortalece-la-union-familiar-entre-el-gremio-transportador","status":"publish","type":"post","link":"https:\/\/cnctulua.tv\/?p=38952","title":{"rendered":"Terminal de Tulu\u00e1 fortalece la uni\u00f3n familiar entre el gremio transportador."},"content":{"rendered":"\n<p>La Terminal de Transporte de Tulu\u00e1 realiz\u00f3 una jornada especial de integraci\u00f3n dirigida a sus funcionarios, empresas de transporte, conductores y taxistas, con el prop\u00f3sito de fortalecer los lazos familiares y el sentido de pertenencia dentro del gremio.<\/p>\n\n\n\n<figure class=\"wp-block-embed is-type-video is-provider-youtube wp-block-embed-youtube wp-embed-aspect-16-9 wp-has-aspect-ratio\"><div class=\"wp-block-embed__wrapper\">\n<iframe loading=\"lazy\" title=\"\u2764\ufe0f Terminal de Tulu\u00e1 promueve integraci\u00f3n entre familias del transporte. \ud83d\ude8d \ud83c\udf89\ud83d\udc67\ud83e\uddd2\" width=\"640\" height=\"360\" src=\"https:\/\/www.youtube.com\/embed\/Ns_5qIHTIm4?feature=oembed\" frameborder=\"0\" allow=\"accelerometer; autoplay; clipboard-write; encrypted-media; gyroscope; picture-in-picture; web-share\" referrerpolicy=\"strict-origin-when-cross-origin\" allowfullscreen><\/iframe>\n<\/div><\/figure>\n\n\n\n<p>Durante la actividad, la gerente de la entidad, Libia Fernanda Pasmin, destac\u00f3 la importancia de compartir espacios m\u00e1s humanos y cercanos.<\/p>\n\n\n\n<p>\u201cQuer\u00edamos que nuestros funcionarios y los conductores trajeran a sus familias. En la terminal conectamos sue\u00f1os y fortalecemos la uni\u00f3n familiar\u201d, se\u00f1al\u00f3 la directiva.<\/p>\n\n\n\n<p>Este tipo de encuentros se han venido desarrollando desde hace 22 meses, con resultados positivos en el clima laboral y en la articulaci\u00f3n entre las diferentes empresas del transporte.<\/p>\n\n\n\n<p>De igual forma, la gerente anunci\u00f3 que ya se adelantan preparativos para la temporada de fin de a\u00f1o, en coordinaci\u00f3n con la Superintendencia de Transporte y las 22 terminales de la gremiaci\u00f3n Coterco, con el fin de garantizar seguridad, control y atenci\u00f3n de calidad a los usuarios.<\/p>\n\n\n\n<p>\u201cNos estamos preparando para la temporada alta que inicia en los pr\u00f3ximos 45 d\u00edas, trabajando de la mano con la Supertransporte para que los viajeros lo hagan de forma responsable y segura\u201d, puntualiz\u00f3 Pasmin.<\/p>\n","protected":false},"excerpt":{"rendered":"<p>La Terminal de Transporte de Tulu\u00e1 realiz\u00f3 una jornada especial de integraci\u00f3n dirigida a sus funcionarios, empresas de transporte, conductores y taxistas, con el prop\u00f3sito de fortalecer los lazos familiares y el sentido de pertenencia dentro del gremio. Durante la actividad, la gerente de la entidad, Libia Fernanda Pasmin, destac\u00f3 la importancia de compartir espacios [&hellip;]<\/p>\n","protected":false},"author":3,"featured_media":38965,"comment_status":"open","ping_status":"open","sticky":false,"template":"","format":"video","meta":{"footnotes":""},"categories":[10,1515],"tags":[],"class_list":["post-38952","post","type-post","status-publish","format-video","has-post-thumbnail","hentry","category-cnc-noticias-tulua","category-cnc-tulua","post_format-post-format-video"],"_links":{"self":[{"href":"https:\/\/cnctulua.tv\/index.php?rest_route=\/wp\/v2\/posts\/38952","targetHints":{"allow":["GET"]}}],"collection":[{"href":"https:\/\/cnctulua.tv\/index.php?rest_route=\/wp\/v2\/posts"}],"about":[{"href":"https:\/\/cnctulua.tv\/index.php?rest_route=\/wp\/v2\/types\/post"}],"author":[{"embeddable":true,"href":"https:\/\/cnctulua.tv\/index.php?rest_route=\/wp\/v2\/users\/3"}],"replies":[{"embeddable":true,"href":"https:\/\/cnctulua.tv\/index.php?rest_route=%2Fwp%2Fv2%2Fcomments&post=38952"}],"version-history":[{"count":1,"href":"https:\/\/cnctulua.tv\/index.php?rest_route=\/wp\/v2\/posts\/38952\/revisions"}],"predecessor-version":[{"id":38977,"href":"https:\/\/cnctulua.tv\/index.php?rest_route=\/wp\/v2\/posts\/38952\/revisions\/38977"}],"wp:featuredmedia":[{"embeddable":true,"href":"https:\/\/cnctulua.tv\/index.php?rest_route=\/wp\/v2\/media\/38965"}],"wp:attachment":[{"href":"https:\/\/cnctulua.tv\/index.php?rest_route=%2Fwp%2Fv2%2Fmedia&parent=38952"}],"wp:term":[{"taxonomy":"category","embeddable":true,"href":"https:\/\/cnctulua.tv\/index.php?rest_route=%2Fwp%2Fv2%2Fcategories&post=38952"},{"taxonomy":"post_tag","embeddable":true,"href":"https:\/\/cnctulua.tv\/index.php?rest_route=%2Fwp%2Fv2%2Ftags&post=38952"}],"curies":[{"name":"wp","href":"https:\/\/api.w.org\/{rel}","templated":true}]}}