{"id":38982,"date":"2025-11-05T15:47:41","date_gmt":"2025-11-05T15:47:41","guid":{"rendered":"https:\/\/cnctulua.tv\/?p=38982"},"modified":"2025-11-05T16:06:24","modified_gmt":"2025-11-05T16:06:24","slug":"inauguran-nueva-sede-de-la-fiscalia-general-de-la-nacion-en-cali","status":"publish","type":"post","link":"https:\/\/cnctulua.tv\/?p=38982","title":{"rendered":"Inauguran nueva sede de la Fiscal\u00eda General de la Naci\u00f3n en Cali."},"content":{"rendered":"\n<p>Con la puesta en funcionamiento del nuevo b\u00fanker de la Fiscal\u00eda en Cali, la entidad busca fortalecer la investigaci\u00f3n criminal y ofrecer un servicio m\u00e1s \u00e1gil y cercano a los ciudadanos del Valle del Cauca.<\/p>\n\n\n\n<figure class=\"wp-block-embed is-type-video is-provider-youtube wp-block-embed-youtube wp-embed-aspect-16-9 wp-has-aspect-ratio\"><div class=\"wp-block-embed__wrapper\">\n<iframe loading=\"lazy\" title=\"\ud83c\udfa5 Nueva sede de la Fiscal\u00eda General de la Naci\u00f3n en Cali. \u2696\ufe0f\" width=\"640\" height=\"360\" src=\"https:\/\/www.youtube.com\/embed\/sXb4QUhkwdU?feature=oembed\" frameborder=\"0\" allow=\"accelerometer; autoplay; clipboard-write; encrypted-media; gyroscope; picture-in-picture; web-share\" referrerpolicy=\"strict-origin-when-cross-origin\" allowfullscreen><\/iframe>\n<\/div><\/figure>\n\n\n\n<p>La Fiscal\u00eda General de la Naci\u00f3n inaugur\u00f3 este 4 de noviembre su nueva sede seccional en Cali, una infraestructura de m\u00e1s de 48.000 metros cuadrados que centraliza en un solo punto la operaci\u00f3n judicial de la entidad.<\/p>\n\n\n\n<figure class=\"wp-block-image size-large\"><img loading=\"lazy\" decoding=\"async\" width=\"1024\" height=\"768\" src=\"https:\/\/cnctulua.tv\/wp-content\/uploads\/2025\/11\/apoyos-BUNKER-DE-LA-FISCALIA-6-1024x768.jpeg\" alt=\"\" class=\"wp-image-38997\" srcset=\"https:\/\/cnctulua.tv\/wp-content\/uploads\/2025\/11\/apoyos-BUNKER-DE-LA-FISCALIA-6-1024x768.jpeg 1024w, https:\/\/cnctulua.tv\/wp-content\/uploads\/2025\/11\/apoyos-BUNKER-DE-LA-FISCALIA-6-300x225.jpeg 300w, https:\/\/cnctulua.tv\/wp-content\/uploads\/2025\/11\/apoyos-BUNKER-DE-LA-FISCALIA-6-768x576.jpeg 768w, https:\/\/cnctulua.tv\/wp-content\/uploads\/2025\/11\/apoyos-BUNKER-DE-LA-FISCALIA-6.jpeg 1280w\" sizes=\"auto, (max-width: 1024px) 100vw, 1024px\" \/><\/figure>\n\n\n\n<p>El acto fue presidido por la fiscal general, Luz Adriana Camargo, y cont\u00f3 con la asistencia de la gobernadora del Valle del Cauca, Dilian Francisca Toro, y el alcalde de Cali, Alejandro Eder. Durante la ceremonia, las autoridades destacaron que la obra representa un paso importante para fortalecer la capacidad institucional y mejorar la atenci\u00f3n al ciudadano.<\/p>\n\n\n\n<p>La sede cuenta con 16 niveles, laboratorios forenses de alta tecnolog\u00eda y espacios dise\u00f1ados conforme a los est\u00e1ndares internacionales de calidad y seguridad. Seg\u00fan la Fiscal\u00eda, la estructura permitir\u00e1 unificar procesos de investigaci\u00f3n, facilitar la coordinaci\u00f3n interinstitucional y mejorar las condiciones laborales del personal judicial.<\/p>\n\n\n\n<p>El nuevo complejo hace parte del proceso de modernizaci\u00f3n de la justicia en el pa\u00eds y de la renovaci\u00f3n urbana del centro de Cali, con el prop\u00f3sito de brindar un servicio m\u00e1s eficiente, humano y accesible para los ciudadanos.<\/p>\n","protected":false},"excerpt":{"rendered":"<p>Con la puesta en funcionamiento del nuevo b\u00fanker de la Fiscal\u00eda en Cali, la entidad busca fortalecer la investigaci\u00f3n criminal y ofrecer un servicio m\u00e1s \u00e1gil y cercano a los ciudadanos del Valle del Cauca. La Fiscal\u00eda General de la Naci\u00f3n inaugur\u00f3 este 4 de noviembre su nueva sede seccional en Cali, una infraestructura de [&hellip;]<\/p>\n","protected":false},"author":3,"featured_media":38996,"comment_status":"open","ping_status":"open","sticky":false,"template":"","format":"video","meta":{"footnotes":""},"categories":[10,1515],"tags":[],"class_list":["post-38982","post","type-post","status-publish","format-video","has-post-thumbnail","hentry","category-cnc-noticias-tulua","category-cnc-tulua","post_format-post-format-video"],"_links":{"self":[{"href":"https:\/\/cnctulua.tv\/index.php?rest_route=\/wp\/v2\/posts\/38982","targetHints":{"allow":["GET"]}}],"collection":[{"href":"https:\/\/cnctulua.tv\/index.php?rest_route=\/wp\/v2\/posts"}],"about":[{"href":"https:\/\/cnctulua.tv\/index.php?rest_route=\/wp\/v2\/types\/post"}],"author":[{"embeddable":true,"href":"https:\/\/cnctulua.tv\/index.php?rest_route=\/wp\/v2\/users\/3"}],"replies":[{"embeddable":true,"href":"https:\/\/cnctulua.tv\/index.php?rest_route=%2Fwp%2Fv2%2Fcomments&post=38982"}],"version-history":[{"count":3,"href":"https:\/\/cnctulua.tv\/index.php?rest_route=\/wp\/v2\/posts\/38982\/revisions"}],"predecessor-version":[{"id":39010,"href":"https:\/\/cnctulua.tv\/index.php?rest_route=\/wp\/v2\/posts\/38982\/revisions\/39010"}],"wp:featuredmedia":[{"embeddable":true,"href":"https:\/\/cnctulua.tv\/index.php?rest_route=\/wp\/v2\/media\/38996"}],"wp:attachment":[{"href":"https:\/\/cnctulua.tv\/index.php?rest_route=%2Fwp%2Fv2%2Fmedia&parent=38982"}],"wp:term":[{"taxonomy":"category","embeddable":true,"href":"https:\/\/cnctulua.tv\/index.php?rest_route=%2Fwp%2Fv2%2Fcategories&post=38982"},{"taxonomy":"post_tag","embeddable":true,"href":"https:\/\/cnctulua.tv\/index.php?rest_route=%2Fwp%2Fv2%2Ftags&post=38982"}],"curies":[{"name":"wp","href":"https:\/\/api.w.org\/{rel}","templated":true}]}}