{"id":38984,"date":"2025-11-05T18:20:21","date_gmt":"2025-11-05T18:20:21","guid":{"rendered":"https:\/\/cnctulua.tv\/?p=38984"},"modified":"2025-11-05T18:20:21","modified_gmt":"2025-11-05T18:20:21","slug":"jovenes-del-valle-destacan-el-valor-formativo-del-encuentro-aguilas-de-fuego","status":"publish","type":"post","link":"https:\/\/cnctulua.tv\/?p=38984","title":{"rendered":"J\u00f3venes del Valle destacan el valor formativo del encuentro \u201c\u00c1guilas de Fuego\u201d."},"content":{"rendered":"\n<p>Durante el segundo encuentro de bandas de marcha \u201c\u00c1guilas de Fuego\u201d, realizado en el municipio de Tulu\u00e1, j\u00f3venes de diferentes municipios del Valle del Cauca compartieron sus experiencias sobre el impacto que la m\u00fasica ha tenido en sus procesos personales y sociales.<\/p>\n\n\n\n<figure class=\"wp-block-embed is-type-video is-provider-youtube wp-block-embed-youtube wp-embed-aspect-16-9 wp-has-aspect-ratio\"><div class=\"wp-block-embed__wrapper\">\n<iframe loading=\"lazy\" title=\"\ud83c\udfb6 J\u00f3venes del Valle fortalecen procesos musicales.\" width=\"640\" height=\"360\" src=\"https:\/\/www.youtube.com\/embed\/7rnbGEDIuVM?feature=oembed\" frameborder=\"0\" allow=\"accelerometer; autoplay; clipboard-write; encrypted-media; gyroscope; picture-in-picture; web-share\" referrerpolicy=\"strict-origin-when-cross-origin\" allowfullscreen><\/iframe>\n<\/div><\/figure>\n\n\n\n<p>Cristian Javier Hurtado, integrante de la banda de Pradera, se\u00f1al\u00f3 que \u201cestos espacios permiten que los j\u00f3venes se alejen de los malos caminos y se enfoquen en actividades que fortalecen la disciplina y la convivencia\u201d.<\/p>\n\n\n\n<figure class=\"wp-block-image size-large\"><img loading=\"lazy\" decoding=\"async\" width=\"1024\" height=\"444\" src=\"https:\/\/cnctulua.tv\/wp-content\/uploads\/2025\/11\/bandasssss-1-1024x444.png\" alt=\"\" class=\"wp-image-39028\" srcset=\"https:\/\/cnctulua.tv\/wp-content\/uploads\/2025\/11\/bandasssss-1-1024x444.png 1024w, https:\/\/cnctulua.tv\/wp-content\/uploads\/2025\/11\/bandasssss-1-300x130.png 300w, https:\/\/cnctulua.tv\/wp-content\/uploads\/2025\/11\/bandasssss-1-768x333.png 768w, https:\/\/cnctulua.tv\/wp-content\/uploads\/2025\/11\/bandasssss-1.png 1135w\" sizes=\"auto, (max-width: 1024px) 100vw, 1024px\" \/><\/figure>\n\n\n\n<p>Desde Buenaventura, los participantes resaltaron que las bandas de marcha se han convertido en una herramienta de transformaci\u00f3n social. \u201cM\u00e1s que una agrupaci\u00f3n, somos una familia; este proceso ha sido tambi\u00e9n una forma de resocializaci\u00f3n\u201d, manifest\u00f3 uno de los integrantes.<\/p>\n\n\n\n<p>Por su parte, Karen Guerrero, quien interpreta la lira, mencion\u00f3 que \u201cla m\u00fasica es una manera de expresar lo que muchas veces no se puede decir con palabras\u201d y envi\u00f3 un mensaje de motivaci\u00f3n a los j\u00f3venes: \u201cSi uno se lo propone, puede lograr lo que quiera\u201d.<\/p>\n\n\n\n<p>Con este tipo de eventos, se consolida el prop\u00f3sito de fortalecer los procesos art\u00edsticos, fomentar la disciplina y generar oportunidades culturales para los j\u00f3venes del Valle del Cauca.<\/p>\n","protected":false},"excerpt":{"rendered":"<p>Durante el segundo encuentro de bandas de marcha \u201c\u00c1guilas de Fuego\u201d, realizado en el municipio de Tulu\u00e1, j\u00f3venes de diferentes municipios del Valle del Cauca compartieron sus experiencias sobre el impacto que la m\u00fasica ha tenido en sus procesos personales y sociales. Cristian Javier Hurtado, integrante de la banda de Pradera, se\u00f1al\u00f3 que \u201cestos espacios [&hellip;]<\/p>\n","protected":false},"author":3,"featured_media":39027,"comment_status":"open","ping_status":"open","sticky":false,"template":"","format":"video","meta":{"footnotes":""},"categories":[10,1515],"tags":[],"class_list":["post-38984","post","type-post","status-publish","format-video","has-post-thumbnail","hentry","category-cnc-noticias-tulua","category-cnc-tulua","post_format-post-format-video"],"_links":{"self":[{"href":"https:\/\/cnctulua.tv\/index.php?rest_route=\/wp\/v2\/posts\/38984","targetHints":{"allow":["GET"]}}],"collection":[{"href":"https:\/\/cnctulua.tv\/index.php?rest_route=\/wp\/v2\/posts"}],"about":[{"href":"https:\/\/cnctulua.tv\/index.php?rest_route=\/wp\/v2\/types\/post"}],"author":[{"embeddable":true,"href":"https:\/\/cnctulua.tv\/index.php?rest_route=\/wp\/v2\/users\/3"}],"replies":[{"embeddable":true,"href":"https:\/\/cnctulua.tv\/index.php?rest_route=%2Fwp%2Fv2%2Fcomments&post=38984"}],"version-history":[{"count":1,"href":"https:\/\/cnctulua.tv\/index.php?rest_route=\/wp\/v2\/posts\/38984\/revisions"}],"predecessor-version":[{"id":39032,"href":"https:\/\/cnctulua.tv\/index.php?rest_route=\/wp\/v2\/posts\/38984\/revisions\/39032"}],"wp:featuredmedia":[{"embeddable":true,"href":"https:\/\/cnctulua.tv\/index.php?rest_route=\/wp\/v2\/media\/39027"}],"wp:attachment":[{"href":"https:\/\/cnctulua.tv\/index.php?rest_route=%2Fwp%2Fv2%2Fmedia&parent=38984"}],"wp:term":[{"taxonomy":"category","embeddable":true,"href":"https:\/\/cnctulua.tv\/index.php?rest_route=%2Fwp%2Fv2%2Fcategories&post=38984"},{"taxonomy":"post_tag","embeddable":true,"href":"https:\/\/cnctulua.tv\/index.php?rest_route=%2Fwp%2Fv2%2Ftags&post=38984"}],"curies":[{"name":"wp","href":"https:\/\/api.w.org\/{rel}","templated":true}]}}