{"id":38986,"date":"2025-11-05T17:36:25","date_gmt":"2025-11-05T17:36:25","guid":{"rendered":"https:\/\/cnctulua.tv\/?p=38986"},"modified":"2025-11-05T17:36:25","modified_gmt":"2025-11-05T17:36:25","slug":"abren-inscripciones-para-la-carrera-kilometros-por-la-equidad-nomasmisoginia","status":"publish","type":"post","link":"https:\/\/cnctulua.tv\/?p=38986","title":{"rendered":"Abren inscripciones para la carrera \u2018Kil\u00f3metros por la Equidad, #NoM\u00e1sMisoginia\u2019."},"content":{"rendered":"\n<p>A partir del 6 de noviembre estar\u00e1n disponibles los puntos de inscripci\u00f3n para participar en la carrera \u2018Kil\u00f3metros por la Equidad, #NoM\u00e1sMisoginia\u2019, que se realizar\u00e1 el 23 de noviembre como parte de las actividades de concienciaci\u00f3n y activismo contra la violencia hacia la mujer.<\/p>\n\n\n\n<figure class=\"wp-block-embed is-type-video is-provider-youtube wp-block-embed-youtube wp-embed-aspect-16-9 wp-has-aspect-ratio\"><div class=\"wp-block-embed__wrapper\">\n<iframe loading=\"lazy\" title=\"\ud83c\udfbd \u00a1Vuelven los \u2018Kil\u00f3metros por la Equidad\u2019!\" width=\"640\" height=\"360\" src=\"https:\/\/www.youtube.com\/embed\/H27Dyji7E58?feature=oembed\" frameborder=\"0\" allow=\"accelerometer; autoplay; clipboard-write; encrypted-media; gyroscope; picture-in-picture; web-share\" referrerpolicy=\"strict-origin-when-cross-origin\" allowfullscreen><\/iframe>\n<\/div><\/figure>\n\n\n\n<p>El evento, organizado por el Gobierno del Valle del Cauca, busca promover el respeto, la equidad y la eliminaci\u00f3n de todo tipo de discriminaci\u00f3n y misoginia.<\/p>\n\n\n\n<p>Las inscripciones estar\u00e1n abiertas hasta el 13 de noviembre en los municipios de Cali, Yumbo, Palmira, Buga, Zarzal, La Uni\u00f3n, Tulu\u00e1 y Buenaventura.<\/p>\n\n\n\n<p>El \u00fanico requisito es llevar cinco prendas de vestir en buen estado, que ser\u00e1n destinadas a los Roperos de Inclusi\u00f3n, programa que impulsa la econom\u00eda circular y apoya a comunidades vulnerables.<\/p>\n\n\n\n<p>La secretaria de Mujer, Equidad de G\u00e9nero y Diversidad Sexual, Yurany Ordo\u00f1ez, record\u00f3 que en la primera edici\u00f3n se recolectaron m\u00e1s de 3.500 prendas, beneficiando a cientos de mujeres. Adem\u00e1s, destac\u00f3 que durante la carrera habr\u00e1 rumba terapia, feria de emprendimiento y gastronom\u00eda regional.<\/p>\n\n\n\n<p>La funcionaria invit\u00f3 a los vallecaucanos a unirse a esta iniciativa que promueve la participaci\u00f3n ciudadana y la construcci\u00f3n de una sociedad m\u00e1s equitativa.<\/p>\n","protected":false},"excerpt":{"rendered":"<p>A partir del 6 de noviembre estar\u00e1n disponibles los puntos de inscripci\u00f3n para participar en la carrera \u2018Kil\u00f3metros por la Equidad, #NoM\u00e1sMisoginia\u2019, que se realizar\u00e1 el 23 de noviembre como parte de las actividades de concienciaci\u00f3n y activismo contra la violencia hacia la mujer. El evento, organizado por el Gobierno del Valle del Cauca, busca [&hellip;]<\/p>\n","protected":false},"author":3,"featured_media":39021,"comment_status":"open","ping_status":"open","sticky":false,"template":"","format":"video","meta":{"footnotes":""},"categories":[10,1515],"tags":[],"class_list":["post-38986","post","type-post","status-publish","format-video","has-post-thumbnail","hentry","category-cnc-noticias-tulua","category-cnc-tulua","post_format-post-format-video"],"_links":{"self":[{"href":"https:\/\/cnctulua.tv\/index.php?rest_route=\/wp\/v2\/posts\/38986","targetHints":{"allow":["GET"]}}],"collection":[{"href":"https:\/\/cnctulua.tv\/index.php?rest_route=\/wp\/v2\/posts"}],"about":[{"href":"https:\/\/cnctulua.tv\/index.php?rest_route=\/wp\/v2\/types\/post"}],"author":[{"embeddable":true,"href":"https:\/\/cnctulua.tv\/index.php?rest_route=\/wp\/v2\/users\/3"}],"replies":[{"embeddable":true,"href":"https:\/\/cnctulua.tv\/index.php?rest_route=%2Fwp%2Fv2%2Fcomments&post=38986"}],"version-history":[{"count":1,"href":"https:\/\/cnctulua.tv\/index.php?rest_route=\/wp\/v2\/posts\/38986\/revisions"}],"predecessor-version":[{"id":39022,"href":"https:\/\/cnctulua.tv\/index.php?rest_route=\/wp\/v2\/posts\/38986\/revisions\/39022"}],"wp:featuredmedia":[{"embeddable":true,"href":"https:\/\/cnctulua.tv\/index.php?rest_route=\/wp\/v2\/media\/39021"}],"wp:attachment":[{"href":"https:\/\/cnctulua.tv\/index.php?rest_route=%2Fwp%2Fv2%2Fmedia&parent=38986"}],"wp:term":[{"taxonomy":"category","embeddable":true,"href":"https:\/\/cnctulua.tv\/index.php?rest_route=%2Fwp%2Fv2%2Fcategories&post=38986"},{"taxonomy":"post_tag","embeddable":true,"href":"https:\/\/cnctulua.tv\/index.php?rest_route=%2Fwp%2Fv2%2Ftags&post=38986"}],"curies":[{"name":"wp","href":"https:\/\/api.w.org\/{rel}","templated":true}]}}