{"id":38987,"date":"2025-11-05T18:20:36","date_gmt":"2025-11-05T18:20:36","guid":{"rendered":"https:\/\/cnctulua.tv\/?p=38987"},"modified":"2025-11-05T18:20:36","modified_gmt":"2025-11-05T18:20:36","slug":"tulua-fue-sede-del-segundo-encuentro-de-bandas-de-marcha-aguilas-de-fuego","status":"publish","type":"post","link":"https:\/\/cnctulua.tv\/?p=38987","title":{"rendered":"Tulu\u00e1 fue sede del segundo encuentro de bandas de marcha \u201c\u00c1guilas de Fuego\u201d."},"content":{"rendered":"\n<p>El coliseo de ferias Manuel Victoria Rojas de Tulu\u00e1 recibi\u00f3 a 19 bandas marciales del Valle del Cauca en el segundo encuentro \u201c\u00c1guilas de Fuego\u201d, una jornada que promovi\u00f3 el intercambio cultural y el fortalecimiento de los procesos musicales en la regi\u00f3n.<\/p>\n\n\n\n<figure class=\"wp-block-embed is-type-video is-provider-youtube wp-block-embed-youtube wp-embed-aspect-16-9 wp-has-aspect-ratio\"><div class=\"wp-block-embed__wrapper\">\n<iframe loading=\"lazy\" title=\"\ud83c\udfba\ud83c\udfb6 Tulu\u00e1 vibr\u00f3 con el talento de las bandas marciales del Valle.\" width=\"640\" height=\"360\" src=\"https:\/\/www.youtube.com\/embed\/y3IDwCrwvQU?feature=oembed\" frameborder=\"0\" allow=\"accelerometer; autoplay; clipboard-write; encrypted-media; gyroscope; picture-in-picture; web-share\" referrerpolicy=\"strict-origin-when-cross-origin\" allowfullscreen><\/iframe>\n<\/div><\/figure>\n\n\n\n<p>Durante el evento, los participantes mostraron sus avances en interpretaci\u00f3n, coordinaci\u00f3n y marcialidad. El proceso de evaluaci\u00f3n estuvo dividido en tres fases: uniformidad, musicalidad y porte marcial, analizadas por un jurado con amplia experiencia en el \u00e1mbito de las bandas de marcha.<\/p>\n\n\n\n<p>Hugo Daniel Lemus Collazos, bombero del municipio de Yumbo y coordinador operativo de la Banda de Bomberos Yumbo, destac\u00f3 que el encuentro fue m\u00e1s un espacio de integraci\u00f3n que de competencia, resaltando la calidad de los participantes y la imparcialidad de los jurados.<\/p>\n\n\n\n<p>El evento cont\u00f3 con una masiva participaci\u00f3n de p\u00fablico y con el acompa\u00f1amiento de delegaciones de varios municipios, consolidando a Tulu\u00e1 como epicentro de las actividades culturales y musicales del Valle del Cauca.<\/p>\n\n\n\n<p>Los organizadores anunciaron que ya trabajan en la tercera edici\u00f3n del encuentro, que busca seguir fortaleciendo el movimiento de bandas marciales del suroccidente colombiano.<\/p>\n","protected":false},"excerpt":{"rendered":"<p>El coliseo de ferias Manuel Victoria Rojas de Tulu\u00e1 recibi\u00f3 a 19 bandas marciales del Valle del Cauca en el segundo encuentro \u201c\u00c1guilas de Fuego\u201d, una jornada que promovi\u00f3 el intercambio cultural y el fortalecimiento de los procesos musicales en la regi\u00f3n. Durante el evento, los participantes mostraron sus avances en interpretaci\u00f3n, coordinaci\u00f3n y marcialidad. [&hellip;]<\/p>\n","protected":false},"author":3,"featured_media":39027,"comment_status":"open","ping_status":"open","sticky":false,"template":"","format":"video","meta":{"footnotes":""},"categories":[10,1515],"tags":[],"class_list":["post-38987","post","type-post","status-publish","format-video","has-post-thumbnail","hentry","category-cnc-noticias-tulua","category-cnc-tulua","post_format-post-format-video"],"_links":{"self":[{"href":"https:\/\/cnctulua.tv\/index.php?rest_route=\/wp\/v2\/posts\/38987","targetHints":{"allow":["GET"]}}],"collection":[{"href":"https:\/\/cnctulua.tv\/index.php?rest_route=\/wp\/v2\/posts"}],"about":[{"href":"https:\/\/cnctulua.tv\/index.php?rest_route=\/wp\/v2\/types\/post"}],"author":[{"embeddable":true,"href":"https:\/\/cnctulua.tv\/index.php?rest_route=\/wp\/v2\/users\/3"}],"replies":[{"embeddable":true,"href":"https:\/\/cnctulua.tv\/index.php?rest_route=%2Fwp%2Fv2%2Fcomments&post=38987"}],"version-history":[{"count":1,"href":"https:\/\/cnctulua.tv\/index.php?rest_route=\/wp\/v2\/posts\/38987\/revisions"}],"predecessor-version":[{"id":39034,"href":"https:\/\/cnctulua.tv\/index.php?rest_route=\/wp\/v2\/posts\/38987\/revisions\/39034"}],"wp:featuredmedia":[{"embeddable":true,"href":"https:\/\/cnctulua.tv\/index.php?rest_route=\/wp\/v2\/media\/39027"}],"wp:attachment":[{"href":"https:\/\/cnctulua.tv\/index.php?rest_route=%2Fwp%2Fv2%2Fmedia&parent=38987"}],"wp:term":[{"taxonomy":"category","embeddable":true,"href":"https:\/\/cnctulua.tv\/index.php?rest_route=%2Fwp%2Fv2%2Fcategories&post=38987"},{"taxonomy":"post_tag","embeddable":true,"href":"https:\/\/cnctulua.tv\/index.php?rest_route=%2Fwp%2Fv2%2Ftags&post=38987"}],"curies":[{"name":"wp","href":"https:\/\/api.w.org\/{rel}","templated":true}]}}