{"id":38989,"date":"2025-11-05T15:53:31","date_gmt":"2025-11-05T15:53:31","guid":{"rendered":"https:\/\/cnctulua.tv\/?p=38989"},"modified":"2025-11-05T15:53:31","modified_gmt":"2025-11-05T15:53:31","slug":"la-carpa-el-valle-y-sus-letras-impulsa-el-talento-literario-vallecaucano-en-la-filcali-2025","status":"publish","type":"post","link":"https:\/\/cnctulua.tv\/?p=38989","title":{"rendered":"La Carpa \u201cEl Valle y sus Letras\u201d impulsa el talento literario vallecaucano en la FilCali 2025."},"content":{"rendered":"\n<p>Durante la Feria Internacional del Libro de Cali 2025, la Carpa \u201cEl Valle y sus Letras\u201d se consolid\u00f3 como un espacio clave para el encuentro de escritores, lectores y gestores culturales del departamento.<\/p>\n\n\n\n<figure class=\"wp-block-embed is-type-video is-provider-youtube wp-block-embed-youtube wp-embed-aspect-16-9 wp-has-aspect-ratio\"><div class=\"wp-block-embed__wrapper\">\n<iframe loading=\"lazy\" title=\"\ud83c\udfa5 El Valle y sus Letras: el coraz\u00f3n literario de la FilCali 2025. \ud83d\udcd6\" width=\"640\" height=\"360\" src=\"https:\/\/www.youtube.com\/embed\/y-93REfK8wA?feature=oembed\" frameborder=\"0\" allow=\"accelerometer; autoplay; clipboard-write; encrypted-media; gyroscope; picture-in-picture; web-share\" referrerpolicy=\"strict-origin-when-cross-origin\" allowfullscreen><\/iframe>\n<\/div><\/figure>\n\n\n\n<p>Desde hace nueve a\u00f1os, esta iniciativa impulsada por la Gobernaci\u00f3n del Valle del Cauca promueve la visibilizaci\u00f3n de la literatura regional, brindando a los autores emergentes un escenario para difundir sus obras y fortalecer el sentido de identidad cultural.<\/p>\n\n\n\n<p>El reconocido escritor Gustavo \u00c1lvarez Gardeaz\u00e1bal expres\u00f3 su gratitud por participar nuevamente en este espacio.<\/p>\n\n\n\n<p>\u201cMe siento honrado por estar en la carpa que la Gobernaci\u00f3n ha mantenido a\u00f1o tras a\u00f1o en la Feria del Libro y orgulloso de ser un escritor vallecaucano reconocido por mi gente\u201d, afirm\u00f3.<\/p>\n\n\n\n<p>De igual forma, el comunicador y escritor \u00c1lvaro William Pineda Tavares destac\u00f3 la importancia del escenario para los nuevos talentos:<\/p>\n\n\n\n<p>\u201cSin este tipo de espacios quedar\u00edamos hu\u00e9rfanos, porque son muy pocos los lugares donde los escritores del Valle podemos mostrar nuestro trabajo.\u201d<\/p>\n\n\n\n<p>Por su parte, la escritora Liliana Becerra resalt\u00f3 el compromiso de las instituciones con la cultura local.<\/p>\n\n\n\n<p>\u201cAgradezco a la Gobernaci\u00f3n y a la Secretar\u00eda de Cultura por estos espacios llenos de magia y amor por esta tierra que est\u00e1 cargada de luz y prosperidad.\u201d<\/p>\n\n\n\n<p>Con este tipo de iniciativas, el Gobierno del Valle contin\u00faa apoyando la creaci\u00f3n literaria, promoviendo la lectura y fortaleciendo la identidad cultural de la regi\u00f3n en uno de los eventos editoriales m\u00e1s importantes del pa\u00eds.<\/p>\n","protected":false},"excerpt":{"rendered":"<p>Durante la Feria Internacional del Libro de Cali 2025, la Carpa \u201cEl Valle y sus Letras\u201d se consolid\u00f3 como un espacio clave para el encuentro de escritores, lectores y gestores culturales del departamento. Desde hace nueve a\u00f1os, esta iniciativa impulsada por la Gobernaci\u00f3n del Valle del Cauca promueve la visibilizaci\u00f3n de la literatura regional, brindando [&hellip;]<\/p>\n","protected":false},"author":3,"featured_media":39002,"comment_status":"open","ping_status":"open","sticky":false,"template":"","format":"video","meta":{"footnotes":""},"categories":[10,1515],"tags":[],"class_list":["post-38989","post","type-post","status-publish","format-video","has-post-thumbnail","hentry","category-cnc-noticias-tulua","category-cnc-tulua","post_format-post-format-video"],"_links":{"self":[{"href":"https:\/\/cnctulua.tv\/index.php?rest_route=\/wp\/v2\/posts\/38989","targetHints":{"allow":["GET"]}}],"collection":[{"href":"https:\/\/cnctulua.tv\/index.php?rest_route=\/wp\/v2\/posts"}],"about":[{"href":"https:\/\/cnctulua.tv\/index.php?rest_route=\/wp\/v2\/types\/post"}],"author":[{"embeddable":true,"href":"https:\/\/cnctulua.tv\/index.php?rest_route=\/wp\/v2\/users\/3"}],"replies":[{"embeddable":true,"href":"https:\/\/cnctulua.tv\/index.php?rest_route=%2Fwp%2Fv2%2Fcomments&post=38989"}],"version-history":[{"count":1,"href":"https:\/\/cnctulua.tv\/index.php?rest_route=\/wp\/v2\/posts\/38989\/revisions"}],"predecessor-version":[{"id":39005,"href":"https:\/\/cnctulua.tv\/index.php?rest_route=\/wp\/v2\/posts\/38989\/revisions\/39005"}],"wp:featuredmedia":[{"embeddable":true,"href":"https:\/\/cnctulua.tv\/index.php?rest_route=\/wp\/v2\/media\/39002"}],"wp:attachment":[{"href":"https:\/\/cnctulua.tv\/index.php?rest_route=%2Fwp%2Fv2%2Fmedia&parent=38989"}],"wp:term":[{"taxonomy":"category","embeddable":true,"href":"https:\/\/cnctulua.tv\/index.php?rest_route=%2Fwp%2Fv2%2Fcategories&post=38989"},{"taxonomy":"post_tag","embeddable":true,"href":"https:\/\/cnctulua.tv\/index.php?rest_route=%2Fwp%2Fv2%2Ftags&post=38989"}],"curies":[{"name":"wp","href":"https:\/\/api.w.org\/{rel}","templated":true}]}}