{"id":38991,"date":"2025-11-05T17:07:13","date_gmt":"2025-11-05T17:07:13","guid":{"rendered":"https:\/\/cnctulua.tv\/?p=38991"},"modified":"2025-11-05T17:07:13","modified_gmt":"2025-11-05T17:07:13","slug":"nueva-convocatoria-del-fondo-valleinn-para-emprendedores-del-valle-del-cauca","status":"publish","type":"post","link":"https:\/\/cnctulua.tv\/?p=38991","title":{"rendered":"Nueva convocatoria del Fondo ValleINN+ para emprendedores del Valle del Cauca."},"content":{"rendered":"\n<p>La Gobernaci\u00f3n del Valle del Cauca anunci\u00f3 la apertura de una nueva convocatoria del Fondo ValleINN+, que beneficiar\u00e1 a 4.000 emprendedores de 26 municipios con maquinaria, insumos y acompa\u00f1amiento especializado.<\/p>\n\n\n\n<figure class=\"wp-block-embed is-type-video is-provider-youtube wp-block-embed-youtube wp-embed-aspect-16-9 wp-has-aspect-ratio\"><div class=\"wp-block-embed__wrapper\">\n<iframe loading=\"lazy\" title=\"\ud83d\ude80 Nueva convocatoria ValleINN+ para emprendedores del Valle. \ud83d\udcbc\" width=\"640\" height=\"360\" src=\"https:\/\/www.youtube.com\/embed\/_8_Qsfz-j9E?feature=oembed\" frameborder=\"0\" allow=\"accelerometer; autoplay; clipboard-write; encrypted-media; gyroscope; picture-in-picture; web-share\" referrerpolicy=\"strict-origin-when-cross-origin\" allowfullscreen><\/iframe>\n<\/div><\/figure>\n\n\n\n<p>A partir del 5 de noviembre estar\u00e1 abierta la convocatoria del Fondo ValleINN+, programa que impulsa el desarrollo econ\u00f3mico y empresarial en el departamento.<\/p>\n\n\n\n<p>Seg\u00fan explic\u00f3 el secretario de Desarrollo Econ\u00f3mico, Competitividad y Fomento del Empleo, \u00d3scar Eduardo Vivas, la iniciativa busca fortalecer el tejido empresarial mediante el suministro de equipos, herramientas y capacitaci\u00f3n dirigida a emprendedores de distintos sectores productivos.<\/p>\n\n\n\n<p>El lanzamiento se realizar\u00e1 en la Arena Universidad Santiago de Cali, donde se socializar\u00e1n los t\u00e9rminos y condiciones para participar. En esta versi\u00f3n podr\u00e1n postularse emprendedores de Cali, Buenaventura, Yumbo, Roldanillo, Zarzal, Dagua, Ginebra, Sevilla y otros municipios.<\/p>\n\n\n\n<p>El programa tambi\u00e9n contempla asesor\u00edas personalizadas en temas de innovaci\u00f3n, formalizaci\u00f3n y gesti\u00f3n empresarial. Con este proceso, se espera contribuir al fortalecimiento de la econom\u00eda regional y a la generaci\u00f3n de nuevas oportunidades de empleo.<\/p>\n\n\n\n<p>Los interesados podr\u00e1n conocer los requisitos y mecanismos de inscripci\u00f3n a trav\u00e9s de los canales oficiales de la Gobernaci\u00f3n del Valle del Cauca y la Secretar\u00eda de Desarrollo Econ\u00f3mico.<\/p>\n","protected":false},"excerpt":{"rendered":"<p>La Gobernaci\u00f3n del Valle del Cauca anunci\u00f3 la apertura de una nueva convocatoria del Fondo ValleINN+, que beneficiar\u00e1 a 4.000 emprendedores de 26 municipios con maquinaria, insumos y acompa\u00f1amiento especializado. A partir del 5 de noviembre estar\u00e1 abierta la convocatoria del Fondo ValleINN+, programa que impulsa el desarrollo econ\u00f3mico y empresarial en el departamento. Seg\u00fan [&hellip;]<\/p>\n","protected":false},"author":3,"featured_media":39006,"comment_status":"open","ping_status":"open","sticky":false,"template":"","format":"video","meta":{"footnotes":""},"categories":[10,1515],"tags":[],"class_list":["post-38991","post","type-post","status-publish","format-video","has-post-thumbnail","hentry","category-cnc-noticias-tulua","category-cnc-tulua","post_format-post-format-video"],"_links":{"self":[{"href":"https:\/\/cnctulua.tv\/index.php?rest_route=\/wp\/v2\/posts\/38991","targetHints":{"allow":["GET"]}}],"collection":[{"href":"https:\/\/cnctulua.tv\/index.php?rest_route=\/wp\/v2\/posts"}],"about":[{"href":"https:\/\/cnctulua.tv\/index.php?rest_route=\/wp\/v2\/types\/post"}],"author":[{"embeddable":true,"href":"https:\/\/cnctulua.tv\/index.php?rest_route=\/wp\/v2\/users\/3"}],"replies":[{"embeddable":true,"href":"https:\/\/cnctulua.tv\/index.php?rest_route=%2Fwp%2Fv2%2Fcomments&post=38991"}],"version-history":[{"count":1,"href":"https:\/\/cnctulua.tv\/index.php?rest_route=\/wp\/v2\/posts\/38991\/revisions"}],"predecessor-version":[{"id":39016,"href":"https:\/\/cnctulua.tv\/index.php?rest_route=\/wp\/v2\/posts\/38991\/revisions\/39016"}],"wp:featuredmedia":[{"embeddable":true,"href":"https:\/\/cnctulua.tv\/index.php?rest_route=\/wp\/v2\/media\/39006"}],"wp:attachment":[{"href":"https:\/\/cnctulua.tv\/index.php?rest_route=%2Fwp%2Fv2%2Fmedia&parent=38991"}],"wp:term":[{"taxonomy":"category","embeddable":true,"href":"https:\/\/cnctulua.tv\/index.php?rest_route=%2Fwp%2Fv2%2Fcategories&post=38991"},{"taxonomy":"post_tag","embeddable":true,"href":"https:\/\/cnctulua.tv\/index.php?rest_route=%2Fwp%2Fv2%2Ftags&post=38991"}],"curies":[{"name":"wp","href":"https:\/\/api.w.org\/{rel}","templated":true}]}}