{"id":39023,"date":"2025-11-05T18:20:29","date_gmt":"2025-11-05T18:20:29","guid":{"rendered":"https:\/\/cnctulua.tv\/?p=39023"},"modified":"2025-11-05T18:20:29","modified_gmt":"2025-11-05T18:20:29","slug":"directores-de-bandas-destacan-impacto-social-y-cultural-del-encuentro-aguilas-de-fuego-en-tulua","status":"publish","type":"post","link":"https:\/\/cnctulua.tv\/?p=39023","title":{"rendered":"Directores de bandas destacan impacto social y cultural del encuentro \u201c\u00c1guilas de Fuego\u201d en Tulu\u00e1."},"content":{"rendered":"\n<p>El segundo encuentro de bandas de marcha \u201c\u00c1guilas de Fuego\u201d, realizado en el coliseo Manuel Victoria Rojas del municipio de Tulu\u00e1, cont\u00f3 con la participaci\u00f3n de agrupaciones de diferentes municipios del Valle del Cauca.<\/p>\n\n\n\n<p><\/p>\n\n\n\n<figure class=\"wp-block-embed is-type-video is-provider-youtube wp-block-embed-youtube wp-embed-aspect-16-9 wp-has-aspect-ratio\"><div class=\"wp-block-embed__wrapper\">\n<iframe loading=\"lazy\" title=\"\ud83d\udc9b\ud83d\udc99\u2764\ufe0f Directores de bandas destacan el valor cultural del encuentro \u201c\u00c1guilas de Fuego\u201d en Tulu\u00e1.\" width=\"640\" height=\"360\" src=\"https:\/\/www.youtube.com\/embed\/DW2sIPexBrA?feature=oembed\" frameborder=\"0\" allow=\"accelerometer; autoplay; clipboard-write; encrypted-media; gyroscope; picture-in-picture; web-share\" referrerpolicy=\"strict-origin-when-cross-origin\" allowfullscreen><\/iframe>\n<\/div><\/figure>\n\n\n\n<p>uis Fernando Yepes Pati\u00f1o, director de la banda Armon\u00eda Musical de Guadalajara de Buga, destac\u00f3 la calidad del evento y la oportunidad que brinda a los j\u00f3venes para desarrollar sus habilidades art\u00edsticas. \u201cEstos espacios son esenciales para el crecimiento de los muchachos. Agradecemos a los organizadores por apoyar la cultura y permitir que los procesos sigan fortaleci\u00e9ndose\u201d, expres\u00f3.<\/p>\n\n\n\n<figure class=\"wp-block-image size-large\"><img loading=\"lazy\" decoding=\"async\" width=\"1024\" height=\"403\" src=\"https:\/\/cnctulua.tv\/wp-content\/uploads\/2025\/11\/directoressss-1024x403.png\" alt=\"\" class=\"wp-image-39030\" srcset=\"https:\/\/cnctulua.tv\/wp-content\/uploads\/2025\/11\/directoressss-1024x403.png 1024w, https:\/\/cnctulua.tv\/wp-content\/uploads\/2025\/11\/directoressss-300x118.png 300w, https:\/\/cnctulua.tv\/wp-content\/uploads\/2025\/11\/directoressss-768x302.png 768w, https:\/\/cnctulua.tv\/wp-content\/uploads\/2025\/11\/directoressss.png 1177w\" sizes=\"auto, (max-width: 1024px) 100vw, 1024px\" \/><\/figure>\n\n\n\n<p>Yepes Pati\u00f1o explic\u00f3 que su agrupaci\u00f3n est\u00e1 conformada por estudiantes de distintos colegios de la ciudad, con un repertorio que incluye ritmos tradicionales como cumbia y porro.<\/p>\n\n\n\n<p>Por su parte, Jos\u00e9 Jimmy Mart\u00ednez S\u00e1nchez, director de la banda Ciudad Dulce de Pradera, resalt\u00f3 el impacto social de la m\u00fasica marcial. \u201cEstos encuentros ayudan a alejar a los j\u00f3venes de los malos caminos. La cultura transforma y les abre oportunidades de vida\u201d, se\u00f1al\u00f3.<\/p>\n\n\n\n<p>Ambos directores coincidieron en la necesidad de continuar fortaleciendo los procesos culturales y en el apoyo de los padres de familia como parte fundamental del desarrollo art\u00edstico de la juventud vallecaucana.<\/p>\n","protected":false},"excerpt":{"rendered":"<p>El segundo encuentro de bandas de marcha \u201c\u00c1guilas de Fuego\u201d, realizado en el coliseo Manuel Victoria Rojas del municipio de Tulu\u00e1, cont\u00f3 con la participaci\u00f3n de agrupaciones de diferentes municipios del Valle del Cauca. uis Fernando Yepes Pati\u00f1o, director de la banda Armon\u00eda Musical de Guadalajara de Buga, destac\u00f3 la calidad del evento y la [&hellip;]<\/p>\n","protected":false},"author":3,"featured_media":39029,"comment_status":"open","ping_status":"open","sticky":false,"template":"","format":"video","meta":{"footnotes":""},"categories":[1],"tags":[],"class_list":["post-39023","post","type-post","status-publish","format-video","has-post-thumbnail","hentry","category-uncategorized","post_format-post-format-video"],"_links":{"self":[{"href":"https:\/\/cnctulua.tv\/index.php?rest_route=\/wp\/v2\/posts\/39023","targetHints":{"allow":["GET"]}}],"collection":[{"href":"https:\/\/cnctulua.tv\/index.php?rest_route=\/wp\/v2\/posts"}],"about":[{"href":"https:\/\/cnctulua.tv\/index.php?rest_route=\/wp\/v2\/types\/post"}],"author":[{"embeddable":true,"href":"https:\/\/cnctulua.tv\/index.php?rest_route=\/wp\/v2\/users\/3"}],"replies":[{"embeddable":true,"href":"https:\/\/cnctulua.tv\/index.php?rest_route=%2Fwp%2Fv2%2Fcomments&post=39023"}],"version-history":[{"count":1,"href":"https:\/\/cnctulua.tv\/index.php?rest_route=\/wp\/v2\/posts\/39023\/revisions"}],"predecessor-version":[{"id":39033,"href":"https:\/\/cnctulua.tv\/index.php?rest_route=\/wp\/v2\/posts\/39023\/revisions\/39033"}],"wp:featuredmedia":[{"embeddable":true,"href":"https:\/\/cnctulua.tv\/index.php?rest_route=\/wp\/v2\/media\/39029"}],"wp:attachment":[{"href":"https:\/\/cnctulua.tv\/index.php?rest_route=%2Fwp%2Fv2%2Fmedia&parent=39023"}],"wp:term":[{"taxonomy":"category","embeddable":true,"href":"https:\/\/cnctulua.tv\/index.php?rest_route=%2Fwp%2Fv2%2Fcategories&post=39023"},{"taxonomy":"post_tag","embeddable":true,"href":"https:\/\/cnctulua.tv\/index.php?rest_route=%2Fwp%2Fv2%2Ftags&post=39023"}],"curies":[{"name":"wp","href":"https:\/\/api.w.org\/{rel}","templated":true}]}}